{"id":17477,"date":"2025-02-09T14:36:04","date_gmt":"2025-02-09T13:36:04","guid":{"rendered":"https:\/\/muzeum.ostroleka.pl\/?p=17477"},"modified":"2025-02-20T13:23:35","modified_gmt":"2025-02-20T12:23:35","slug":"tworcze-warsztaty-i-oprowadzanie-kuratorskie-po-wystawie","status":"publish","type":"post","link":"https:\/\/muzeum.ostroleka.pl\/?p=17477","title":{"rendered":"Tw\u00f3rcze warsztaty i oprowadzanie kuratorskie po wystawie"},"content":{"rendered":"<p style=\"text-align: justify;\">Dzisiaj w Muzeum Kultury Kurpiowskiej odby\u0142o si\u0119 oprowadzanie kuratorskie po wystawie \u201e\u015awiat nierealny, lecz poznawalny. Malarstwo Magdaleny Shummer\u201d, kt\u00f3re zgromadzi\u0142o wielu pasjonat\u00f3w sztuki. Kurator wystawy Gra\u017cyna Talarek opowiedzia\u0142a go\u015bciom o \u017cyciu i tw\u00f3rczo\u015bci artystki, a tak\u017ce zaprezentowa\u0142a najciekawsze obrazy.<\/p>\n<p style=\"text-align: justify;\">Nieco wcze\u015bniej uczestnicy pierwszego w tym roku spotkania z cyklu Niedziela w Muzeum, r\u00f3wnie\u017c zwiedzili wystaw\u0119. Po zapoznaniu si\u0119 z niezwykle ciekawym, niecodziennym stylem malarskim oraz po dok\u0142adniejszym przyjrzeniu si\u0119 pracom Magdaleny Shummer, go\u015bcie udali si\u0119 do muzealnej pracowni etnodizajnu. Tam przenie\u015bli moc swoich inspiracji na p\u0142\u00f3cienne torby, nadaj\u0105c im niepowtarzalny, artystyczny wygl\u0105d.<\/p>\n<p style=\"text-align: justify;\">Wystawa Pa\u0144stwowego Muzeum Etnograficznego w Warszawie.<\/p>\n<p>&nbsp;<\/p>\nngg_shortcode_0_placeholder\n","protected":false},"excerpt":{"rendered":"<p>Dzisiaj w Muzeum Kultury Kurpiowskiej odby\u0142o si\u0119 oprowadzanie kuratorskie po wystawie \u201e\u015awiat nierealny, lecz poznawalny. Malarstwo Magdaleny Shummer\u201d, kt\u00f3re zgromadzi\u0142o wielu pasjonat\u00f3w sztuki. Kurator wystawy Gra\u017cyna Talarek opowiedzia\u0142a go\u015bciom o \u017cyciu i tw\u00f3rczo\u015bci artystki, a tak\u017ce zaprezentowa\u0142a najciekawsze obrazy. Nieco wcze\u015bniej uczestnicy pierwszego w tym roku spotkania z cyklu Niedziela w Muzeum, r\u00f3wnie\u017c zwiedzili wystaw\u0119. [&hellip;]<\/p>\n","protected":false},"author":3,"featured_media":17478,"comment_status":"closed","ping_status":"closed","sticky":false,"template":"","format":"standard","meta":{"_acf_changed":false,"_lmt_disableupdate":"no","_lmt_disable":"no","_monsterinsights_skip_tracking":false,"_monsterinsights_sitenote_active":false,"_monsterinsights_sitenote_note":"","_monsterinsights_sitenote_category":0,"ngg_post_thumbnail":0,"footnotes":""},"categories":[3,74],"tags":[],"class_list":["post-17477","post","type-post","status-publish","format-standard","has-post-thumbnail","hentry","category-aktualnosci","category-wydarzenia"],"acf":[],"modified_by":"Daniel Go\u0142a\u015b","_links":{"self":[{"href":"https:\/\/muzeum.ostroleka.pl\/index.php?rest_route=\/wp\/v2\/posts\/17477","targetHints":{"allow":["GET"]}}],"collection":[{"href":"https:\/\/muzeum.ostroleka.pl\/index.php?rest_route=\/wp\/v2\/posts"}],"about":[{"href":"https:\/\/muzeum.ostroleka.pl\/index.php?rest_route=\/wp\/v2\/types\/post"}],"author":[{"embeddable":true,"href":"https:\/\/muzeum.ostroleka.pl\/index.php?rest_route=\/wp\/v2\/users\/3"}],"replies":[{"embeddable":true,"href":"https:\/\/muzeum.ostroleka.pl\/index.php?rest_route=%2Fwp%2Fv2%2Fcomments&post=17477"}],"version-history":[{"count":1,"href":"https:\/\/muzeum.ostroleka.pl\/index.php?rest_route=\/wp\/v2\/posts\/17477\/revisions"}],"predecessor-version":[{"id":17496,"href":"https:\/\/muzeum.ostroleka.pl\/index.php?rest_route=\/wp\/v2\/posts\/17477\/revisions\/17496"}],"wp:featuredmedia":[{"embeddable":true,"href":"https:\/\/muzeum.ostroleka.pl\/index.php?rest_route=\/wp\/v2\/media\/17478"}],"wp:attachment":[{"href":"https:\/\/muzeum.ostroleka.pl\/index.php?rest_route=%2Fwp%2Fv2%2Fmedia&parent=17477"}],"wp:term":[{"taxonomy":"category","embeddable":true,"href":"https:\/\/muzeum.ostroleka.pl\/index.php?rest_route=%2Fwp%2Fv2%2Fcategories&post=17477"},{"taxonomy":"post_tag","embeddable":true,"href":"https:\/\/muzeum.ostroleka.pl\/index.php?rest_route=%2Fwp%2Fv2%2Ftags&post=17477"}],"curies":[{"name":"wp","href":"https:\/\/api.w.org\/{rel}","templated":true}]}}