{"id":17536,"date":"2025-02-17T10:23:57","date_gmt":"2025-02-17T09:23:57","guid":{"rendered":"https:\/\/muzeum.ostroleka.pl\/?p=17536"},"modified":"2025-02-20T13:21:53","modified_gmt":"2025-02-20T12:21:53","slug":"17536","status":"publish","type":"post","link":"https:\/\/muzeum.ostroleka.pl\/?p=17536","title":{"rendered":"\u201eMaluj sobie, maluj\u201d \u2013 plener we wn\u0119trzu"},"content":{"rendered":"<p style=\"text-align: justify;\">Serdecznie zapraszamy wszystkich lubi\u0105cych malowa\u0107 do udzia\u0142u w nietypowym plenerze we wn\u0119trzu pod has\u0142em \u201eMaluj sobie, maluj\u201d.<\/p>\n<p style=\"text-align: justify;\">Malarstwo jest dla Magdaleny Shummer \u017ar\u00f3d\u0142em rado\u015bci i tw\u00f3rczej pasji. Pierwszoplanowe role odgrywaj\u0105 w jej obrazach zwierz\u0119ta \u2013 one ucztuj\u0105 przy uginaj\u0105cych si\u0119 od smako\u0142yk\u00f3w sto\u0142ach, wyleguj\u0105 si\u0119 na mi\u0119kkich fotelach czy w\u015br\u00f3d bajecznie kolorowych kwiat\u00f3w, kr\u00f3luj\u0105 w \u015bwiecie ludzi. Feeria kolor\u00f3w, pi\u0119kny detal, troch\u0119 ba\u015bniowo\u015bci to klimat obraz\u00f3w Shummer. Jest to te\u017c doskona\u0142a inspiracja do wyra\u017cenia \u015bwiata w\u0142asnej wyobra\u017ani na p\u0142\u00f3tnie. Podczas naszego pleneru chcieliby\u015bmy pobudzi\u0107 pasj\u0119 tw\u00f3rcz\u0105, spr\u00f3bowa\u0107 uchwyci\u0107 sylwetki domowych pupili w r\u00f3\u017cnych sytuacjach, niekoniecznie realnych. Warto spr\u00f3bowa\u0107! Chocia\u017cby dla samej przyjemno\u015bci czerpanej z malowania. Pozw\u00f3lmy sobie na powr\u00f3t do czasu, kiedy nasza tw\u00f3rczo\u015b\u0107 artystyczna mog\u0142a realizowa\u0107 si\u0119 bez skr\u0119powania \u015bwiadomo\u015bci\u0105 technik i styl\u00f3w. Przypomnijmy sobie dzieci\u0119c\u0105 rado\u015b\u0107 tworzenia. Prosimy o przyniesienie ze sob\u0105 fotografii swoich zwierz\u0119cych przyjaci\u00f3\u0142 (mog\u0105 by\u0107 w telefonach kom\u00f3rkowych) lub ich obrazu zatrzymanego w pami\u0119ci. Wszystkie prace zaprezentujemy na wystawie poplenerowej towarzysz\u0105cej g\u0142\u00f3wnej ekspozycji.<\/p>\n<p>Spotkanie poprowadzi artysta malarz \u2013 Rados\u0142aw Jastrz\u0119bski.<\/p>\n<p>\u2022&nbsp; Termin: 23 lutego 2025 r. (niedziela) godz. 11.00\u201315.00.<br \/>\n\u2022&nbsp; Wst\u0119p: 15 z\u0142.<br \/>\n\u2022&nbsp; Wiek uczestnik\u00f3w: od 14 lat.<br \/>\n\u2022&nbsp; Zapewniamy materia\u0142y plastyczne.<br \/>\n\u2022&nbsp; Miejsce: Muzeum Kultury Kurpiowskiej w Ostro\u0142\u0119ce przy Placu gen. J. Bema 8.<br \/>\n\u2022&nbsp; Obowi\u0105zuj\u0105 zapisy pod numerem telefonu 29 764 54 43 wew. 43 lub e-mailowo edukacja@muzeum.ostroleka.pl.<\/p>\n<p>Zapraszamy!<\/p>\n<p>Wystawa Pa\u0144stwowego Muzeum Etnograficznego w Warszawie.<\/p>\n","protected":false},"excerpt":{"rendered":"<p>Serdecznie zapraszamy wszystkich lubi\u0105cych malowa\u0107 do udzia\u0142u w nietypowym plenerze we wn\u0119trzu pod has\u0142em \u201eMaluj sobie, maluj\u201d. Malarstwo jest dla Magdaleny Shummer \u017ar\u00f3d\u0142em rado\u015bci i tw\u00f3rczej pasji. Pierwszoplanowe role odgrywaj\u0105 w jej obrazach zwierz\u0119ta \u2013 one ucztuj\u0105 przy uginaj\u0105cych si\u0119 od smako\u0142yk\u00f3w sto\u0142ach, wyleguj\u0105 si\u0119 na mi\u0119kkich fotelach czy w\u015br\u00f3d bajecznie kolorowych kwiat\u00f3w, kr\u00f3luj\u0105 w [&hellip;]<\/p>\n","protected":false},"author":3,"featured_media":17538,"comment_status":"closed","ping_status":"closed","sticky":false,"template":"","format":"standard","meta":{"_acf_changed":false,"_lmt_disableupdate":"no","_lmt_disable":"no","_monsterinsights_skip_tracking":false,"_monsterinsights_sitenote_active":false,"_monsterinsights_sitenote_note":"","_monsterinsights_sitenote_category":0,"ngg_post_thumbnail":0,"footnotes":""},"categories":[3,74],"tags":[],"class_list":["post-17536","post","type-post","status-publish","format-standard","has-post-thumbnail","hentry","category-aktualnosci","category-wydarzenia"],"acf":[],"modified_by":"Daniel Go\u0142a\u015b","_links":{"self":[{"href":"https:\/\/muzeum.ostroleka.pl\/index.php?rest_route=\/wp\/v2\/posts\/17536","targetHints":{"allow":["GET"]}}],"collection":[{"href":"https:\/\/muzeum.ostroleka.pl\/index.php?rest_route=\/wp\/v2\/posts"}],"about":[{"href":"https:\/\/muzeum.ostroleka.pl\/index.php?rest_route=\/wp\/v2\/types\/post"}],"author":[{"embeddable":true,"href":"https:\/\/muzeum.ostroleka.pl\/index.php?rest_route=\/wp\/v2\/users\/3"}],"replies":[{"embeddable":true,"href":"https:\/\/muzeum.ostroleka.pl\/index.php?rest_route=%2Fwp%2Fv2%2Fcomments&post=17536"}],"version-history":[{"count":5,"href":"https:\/\/muzeum.ostroleka.pl\/index.php?rest_route=\/wp\/v2\/posts\/17536\/revisions"}],"predecessor-version":[{"id":17542,"href":"https:\/\/muzeum.ostroleka.pl\/index.php?rest_route=\/wp\/v2\/posts\/17536\/revisions\/17542"}],"wp:featuredmedia":[{"embeddable":true,"href":"https:\/\/muzeum.ostroleka.pl\/index.php?rest_route=\/wp\/v2\/media\/17538"}],"wp:attachment":[{"href":"https:\/\/muzeum.ostroleka.pl\/index.php?rest_route=%2Fwp%2Fv2%2Fmedia&parent=17536"}],"wp:term":[{"taxonomy":"category","embeddable":true,"href":"https:\/\/muzeum.ostroleka.pl\/index.php?rest_route=%2Fwp%2Fv2%2Fcategories&post=17536"},{"taxonomy":"post_tag","embeddable":true,"href":"https:\/\/muzeum.ostroleka.pl\/index.php?rest_route=%2Fwp%2Fv2%2Ftags&post=17536"}],"curies":[{"name":"wp","href":"https:\/\/api.w.org\/{rel}","templated":true}]}}