{"id":17552,"date":"2025-02-20T15:11:03","date_gmt":"2025-02-20T14:11:03","guid":{"rendered":"https:\/\/muzeum.ostroleka.pl\/?p=17552"},"modified":"2025-02-20T15:11:03","modified_gmt":"2025-02-20T14:11:03","slug":"shummer-inspiruje-obraz-jakiego-nie-znacie","status":"publish","type":"post","link":"https:\/\/muzeum.ostroleka.pl\/?p=17552","title":{"rendered":"Shummer inspiruje \u2013 obraz, jakiego nie znacie"},"content":{"rendered":"<p style=\"text-align: justify;\">Zapraszamy uczni\u00f3w do udzia\u0142u w lekcji muzealnej nawi\u0105zuj\u0105cej do wystawy \u201e\u015awiat nierealny, lecz poznawalny. Malarstwo Magdaleny Shummer\u201d.<br \/>\n<strong>\u201eShummer inspiruje \u2013 obraz, jakiego nie znacie\u201d<\/strong>&nbsp;to lekcja muzealna stworzona w oparciu o tw\u00f3rczo\u015b\u0107 malarsk\u0105 Magdaleny Shummer, kt\u00f3rej ba\u015bniowy \u015bwiat pe\u0142en kolor\u00f3w i wielogatunkowych bohater\u00f3w mo\u017ce sta\u0107 si\u0119 niepowtarzaln\u0105 inspiracj\u0105 artystyczn\u0105. Uczestnicy b\u0119d\u0105 mieli niepowtarzaln\u0105 okazj\u0119 wg\u0142\u0119bi\u0107 si\u0119 w meandry sztuki nieprofesjonalnej, pozna\u0107 jej za\u0142o\u017cenia i motywy, dokona\u0107 w\u0142asnej oceny, a by\u0107 mo\u017ce odkry\u0107 swoj\u0105 pasj\u0119 malarsk\u0105. Wsp\u00f3lnie porozmawiamy o zainteresowaniach, inspiracjach i wyobra\u017ceniach, by na koniec chwyci\u0107 p\u0119dzel w d\u0142o\u0144 i malowa\u0107, malowa\u0107, malowa\u0107\u2026<\/p>\n<p>\u2022&nbsp; Czas trwania zaj\u0119\u0107: ok. 60 minut<br \/>\n\u2022&nbsp; Op\u0142ata za lekcj\u0119: 12 z\u0142 od osoby<br \/>\n\u2022&nbsp; Zapisy: tel. 29 764 54 43 wew. 43<br \/>\n\u2022&nbsp; Miejsce zaj\u0119\u0107: Muzeum Kultury Kurpiowskiej w Ostro\u0142\u0119ce, Plac gen. J. Bema 8.<\/p>\n<p>Lekcja adresowana jest do uczni\u00f3w na wszystkich etapach kszta\u0142cenia i b\u0119dzie realizowana do 21 kwietnia 2025 r.<\/p>\n<p>Wystawa Pa\u0144stwowego Muzeum Etnograficznego w Warszawie.<\/p>\n<p>W ramach programu \u201eKulturalna szko\u0142a na Mazowszu\u201d zorganizowane grupy i dzieci z tzw. zer\u00f3wek z terenu Mazowsza zapraszamy na lekcje i warsztaty muzealne za z\u0142ot\u00f3wk\u0119.<\/p>\n","protected":false},"excerpt":{"rendered":"<p>Zapraszamy uczni\u00f3w do udzia\u0142u w lekcji muzealnej nawi\u0105zuj\u0105cej do wystawy \u201e\u015awiat nierealny, lecz poznawalny. Malarstwo Magdaleny Shummer\u201d. \u201eShummer inspiruje \u2013 obraz, jakiego nie znacie\u201d&nbsp;to lekcja muzealna stworzona w oparciu o tw\u00f3rczo\u015b\u0107 malarsk\u0105 Magdaleny Shummer, kt\u00f3rej ba\u015bniowy \u015bwiat pe\u0142en kolor\u00f3w i wielogatunkowych bohater\u00f3w mo\u017ce sta\u0107 si\u0119 niepowtarzaln\u0105 inspiracj\u0105 artystyczn\u0105. Uczestnicy b\u0119d\u0105 mieli niepowtarzaln\u0105 okazj\u0119 wg\u0142\u0119bi\u0107 si\u0119 [&hellip;]<\/p>\n","protected":false},"author":3,"featured_media":17553,"comment_status":"closed","ping_status":"closed","sticky":false,"template":"","format":"standard","meta":{"_acf_changed":false,"_lmt_disableupdate":"","_lmt_disable":"","_monsterinsights_skip_tracking":false,"_monsterinsights_sitenote_active":false,"_monsterinsights_sitenote_note":"","_monsterinsights_sitenote_category":0,"ngg_post_thumbnail":0,"footnotes":""},"categories":[3],"tags":[],"class_list":["post-17552","post","type-post","status-publish","format-standard","has-post-thumbnail","hentry","category-aktualnosci"],"acf":[],"modified_by":"Daniel Go\u0142a\u015b","_links":{"self":[{"href":"https:\/\/muzeum.ostroleka.pl\/index.php?rest_route=\/wp\/v2\/posts\/17552","targetHints":{"allow":["GET"]}}],"collection":[{"href":"https:\/\/muzeum.ostroleka.pl\/index.php?rest_route=\/wp\/v2\/posts"}],"about":[{"href":"https:\/\/muzeum.ostroleka.pl\/index.php?rest_route=\/wp\/v2\/types\/post"}],"author":[{"embeddable":true,"href":"https:\/\/muzeum.ostroleka.pl\/index.php?rest_route=\/wp\/v2\/users\/3"}],"replies":[{"embeddable":true,"href":"https:\/\/muzeum.ostroleka.pl\/index.php?rest_route=%2Fwp%2Fv2%2Fcomments&post=17552"}],"version-history":[{"count":2,"href":"https:\/\/muzeum.ostroleka.pl\/index.php?rest_route=\/wp\/v2\/posts\/17552\/revisions"}],"predecessor-version":[{"id":17555,"href":"https:\/\/muzeum.ostroleka.pl\/index.php?rest_route=\/wp\/v2\/posts\/17552\/revisions\/17555"}],"wp:featuredmedia":[{"embeddable":true,"href":"https:\/\/muzeum.ostroleka.pl\/index.php?rest_route=\/wp\/v2\/media\/17553"}],"wp:attachment":[{"href":"https:\/\/muzeum.ostroleka.pl\/index.php?rest_route=%2Fwp%2Fv2%2Fmedia&parent=17552"}],"wp:term":[{"taxonomy":"category","embeddable":true,"href":"https:\/\/muzeum.ostroleka.pl\/index.php?rest_route=%2Fwp%2Fv2%2Fcategories&post=17552"},{"taxonomy":"post_tag","embeddable":true,"href":"https:\/\/muzeum.ostroleka.pl\/index.php?rest_route=%2Fwp%2Fv2%2Ftags&post=17552"}],"curies":[{"name":"wp","href":"https:\/\/api.w.org\/{rel}","templated":true}]}}