{"id":17556,"date":"2025-02-21T09:24:11","date_gmt":"2025-02-21T08:24:11","guid":{"rendered":"https:\/\/muzeum.ostroleka.pl\/?p=17556"},"modified":"2025-02-21T09:54:12","modified_gmt":"2025-02-21T08:54:12","slug":"zaproszenie-na-wernisaz-9","status":"publish","type":"post","link":"https:\/\/muzeum.ostroleka.pl\/?p=17556","title":{"rendered":"Zaproszenie na wernisa\u017c"},"content":{"rendered":"<p style=\"text-align: center;\">Dyrektor Muzeum Kultury Kurpiowskiej w Ostro\u0142\u0119ce<br \/>\nzaprasza na otwarcie wystawy<\/p>\n<p>&nbsp;<\/p>\n<p style=\"text-align: center;\"><strong><span style=\"font-size: 18pt;\">\u201eTradycyjna wycinanka \u017cydowska\u201d<\/span><\/strong><\/p>\n<p>&nbsp;<\/p>\n<p style=\"text-align: center;\">Na wystawie zostan\u0105 zaprezentowane wycinanki autorstwa Piotra \u201eKranca\u201d Sztuczy\u0144skiego.<\/p>\n<p style=\"text-align: center;\">Wernisa\u017c odb\u0119dzie si\u0119 28 lutego 2025 roku o godzinie 14.00 w budynku Muzeum przy Plac gen. J. Bema 8 w Ostro\u0142\u0119ce.<\/p>\n","protected":false},"excerpt":{"rendered":"<p>Dyrektor Muzeum Kultury Kurpiowskiej w Ostro\u0142\u0119ce zaprasza na otwarcie wystawy &nbsp; \u201eTradycyjna wycinanka \u017cydowska\u201d &nbsp; Na wystawie zostan\u0105 zaprezentowane wycinanki autorstwa Piotra \u201eKranca\u201d Sztuczy\u0144skiego. Wernisa\u017c odb\u0119dzie si\u0119 28 lutego 2025 roku o godzinie 14.00 w budynku Muzeum przy Plac gen. J. Bema 8 w Ostro\u0142\u0119ce.<\/p>\n","protected":false},"author":3,"featured_media":17559,"comment_status":"closed","ping_status":"closed","sticky":false,"template":"","format":"standard","meta":{"_acf_changed":false,"_lmt_disableupdate":"no","_lmt_disable":"no","_monsterinsights_skip_tracking":false,"_monsterinsights_sitenote_active":false,"_monsterinsights_sitenote_note":"","_monsterinsights_sitenote_category":0,"ngg_post_thumbnail":0,"footnotes":""},"categories":[3,74],"tags":[],"class_list":["post-17556","post","type-post","status-publish","format-standard","has-post-thumbnail","hentry","category-aktualnosci","category-wydarzenia"],"acf":[],"modified_by":"Daniel Go\u0142a\u015b","_links":{"self":[{"href":"https:\/\/muzeum.ostroleka.pl\/index.php?rest_route=\/wp\/v2\/posts\/17556","targetHints":{"allow":["GET"]}}],"collection":[{"href":"https:\/\/muzeum.ostroleka.pl\/index.php?rest_route=\/wp\/v2\/posts"}],"about":[{"href":"https:\/\/muzeum.ostroleka.pl\/index.php?rest_route=\/wp\/v2\/types\/post"}],"author":[{"embeddable":true,"href":"https:\/\/muzeum.ostroleka.pl\/index.php?rest_route=\/wp\/v2\/users\/3"}],"replies":[{"embeddable":true,"href":"https:\/\/muzeum.ostroleka.pl\/index.php?rest_route=%2Fwp%2Fv2%2Fcomments&post=17556"}],"version-history":[{"count":4,"href":"https:\/\/muzeum.ostroleka.pl\/index.php?rest_route=\/wp\/v2\/posts\/17556\/revisions"}],"predecessor-version":[{"id":17561,"href":"https:\/\/muzeum.ostroleka.pl\/index.php?rest_route=\/wp\/v2\/posts\/17556\/revisions\/17561"}],"wp:featuredmedia":[{"embeddable":true,"href":"https:\/\/muzeum.ostroleka.pl\/index.php?rest_route=\/wp\/v2\/media\/17559"}],"wp:attachment":[{"href":"https:\/\/muzeum.ostroleka.pl\/index.php?rest_route=%2Fwp%2Fv2%2Fmedia&parent=17556"}],"wp:term":[{"taxonomy":"category","embeddable":true,"href":"https:\/\/muzeum.ostroleka.pl\/index.php?rest_route=%2Fwp%2Fv2%2Fcategories&post=17556"},{"taxonomy":"post_tag","embeddable":true,"href":"https:\/\/muzeum.ostroleka.pl\/index.php?rest_route=%2Fwp%2Fv2%2Ftags&post=17556"}],"curies":[{"name":"wp","href":"https:\/\/api.w.org\/{rel}","templated":true}]}}