{"id":17562,"date":"2025-02-21T14:28:39","date_gmt":"2025-02-21T13:28:39","guid":{"rendered":"https:\/\/muzeum.ostroleka.pl\/?p=17562"},"modified":"2025-02-21T20:29:57","modified_gmt":"2025-02-21T19:29:57","slug":"pluszowa-maskotka-w-ksztalcie-kotka","status":"publish","type":"post","link":"https:\/\/muzeum.ostroleka.pl\/?p=17562","title":{"rendered":"Pluszowa maskotka w kszta\u0142cie kotka"},"content":{"rendered":"<p style=\"text-align: justify;\">Serdecznie zapraszamy na wyj\u0105tkowe warsztaty tw\u00f3rcze, podczas kt\u00f3rych wsp\u00f3lnie uszyjemy pluszow\u0105 maskotk\u0119 w kszta\u0142cie kotka!<br \/>\nInspiracji zaczerpniemy na wystawie \u201e\u015awiat nierealny, lecz poznawalny. Malarstwo Magdaleny Shummer\u201d, gdzie barwne obrazy pobudz\u0105 nasz\u0105 wyobra\u017ani\u0119 i pomog\u0105 nam wykreowa\u0107 wyj\u0105tkowe zwierzaki. Wystawa Pa\u0144stwowego Muzeum Etnograficznego w Warszawie.<\/p>\n<p>\ud83d\udd38 Spotkanie z cyklu \u201eNiedziela w Muzeum\u201d odb\u0119dzie si\u0119 2 marca 2025 r. o godzinie 11.00 w Muzeum Kultury Kurpiowskiej przy Placu gen. J. Bema 8 w Ostro\u0142\u0119ce.<br \/>\n\ud83d\udd38 Obowi\u0105zuj\u0105 zapisy pod numerem tel. 29 764 54 43 wew. 43. Liczba miejsc jest ograniczona.<br \/>\n\ud83d\udd38 Op\u0142ata 15 z\u0142 od osoby.<\/p>\n","protected":false},"excerpt":{"rendered":"<p>Serdecznie zapraszamy na wyj\u0105tkowe warsztaty tw\u00f3rcze, podczas kt\u00f3rych wsp\u00f3lnie uszyjemy pluszow\u0105 maskotk\u0119 w kszta\u0142cie kotka! Inspiracji zaczerpniemy na wystawie \u201e\u015awiat nierealny, lecz poznawalny. Malarstwo Magdaleny Shummer\u201d, gdzie barwne obrazy pobudz\u0105 nasz\u0105 wyobra\u017ani\u0119 i pomog\u0105 nam wykreowa\u0107 wyj\u0105tkowe zwierzaki. Wystawa Pa\u0144stwowego Muzeum Etnograficznego w Warszawie. \ud83d\udd38 Spotkanie z cyklu \u201eNiedziela w Muzeum\u201d odb\u0119dzie si\u0119 2 marca [&hellip;]<\/p>\n","protected":false},"author":3,"featured_media":17566,"comment_status":"closed","ping_status":"closed","sticky":false,"template":"","format":"standard","meta":{"_acf_changed":false,"_lmt_disableupdate":"no","_lmt_disable":"no","_monsterinsights_skip_tracking":false,"_monsterinsights_sitenote_active":false,"_monsterinsights_sitenote_note":"","_monsterinsights_sitenote_category":0,"ngg_post_thumbnail":0,"footnotes":""},"categories":[3,74],"tags":[],"class_list":["post-17562","post","type-post","status-publish","format-standard","has-post-thumbnail","hentry","category-aktualnosci","category-wydarzenia"],"acf":[],"modified_by":"Daniel Go\u0142a\u015b","_links":{"self":[{"href":"https:\/\/muzeum.ostroleka.pl\/index.php?rest_route=\/wp\/v2\/posts\/17562","targetHints":{"allow":["GET"]}}],"collection":[{"href":"https:\/\/muzeum.ostroleka.pl\/index.php?rest_route=\/wp\/v2\/posts"}],"about":[{"href":"https:\/\/muzeum.ostroleka.pl\/index.php?rest_route=\/wp\/v2\/types\/post"}],"author":[{"embeddable":true,"href":"https:\/\/muzeum.ostroleka.pl\/index.php?rest_route=\/wp\/v2\/users\/3"}],"replies":[{"embeddable":true,"href":"https:\/\/muzeum.ostroleka.pl\/index.php?rest_route=%2Fwp%2Fv2%2Fcomments&post=17562"}],"version-history":[{"count":3,"href":"https:\/\/muzeum.ostroleka.pl\/index.php?rest_route=\/wp\/v2\/posts\/17562\/revisions"}],"predecessor-version":[{"id":17567,"href":"https:\/\/muzeum.ostroleka.pl\/index.php?rest_route=\/wp\/v2\/posts\/17562\/revisions\/17567"}],"wp:featuredmedia":[{"embeddable":true,"href":"https:\/\/muzeum.ostroleka.pl\/index.php?rest_route=\/wp\/v2\/media\/17566"}],"wp:attachment":[{"href":"https:\/\/muzeum.ostroleka.pl\/index.php?rest_route=%2Fwp%2Fv2%2Fmedia&parent=17562"}],"wp:term":[{"taxonomy":"category","embeddable":true,"href":"https:\/\/muzeum.ostroleka.pl\/index.php?rest_route=%2Fwp%2Fv2%2Fcategories&post=17562"},{"taxonomy":"post_tag","embeddable":true,"href":"https:\/\/muzeum.ostroleka.pl\/index.php?rest_route=%2Fwp%2Fv2%2Ftags&post=17562"}],"curies":[{"name":"wp","href":"https:\/\/api.w.org\/{rel}","templated":true}]}}