{"id":17577,"date":"2025-02-24T08:00:03","date_gmt":"2025-02-24T07:00:03","guid":{"rendered":"https:\/\/muzeum.ostroleka.pl\/?p=17577"},"modified":"2025-02-21T21:44:38","modified_gmt":"2025-02-21T20:44:38","slug":"oprowadzanie-kuratorskie-i-promocja-nowej-publikacji-z-serii-wystawa-appendix","status":"publish","type":"post","link":"https:\/\/muzeum.ostroleka.pl\/?p=17577","title":{"rendered":"Oprowadzanie kuratorskie i promocja nowej publikacji z serii \u201eWystawa. Appendix\u201d"},"content":{"rendered":"<p style=\"text-align: justify;\">Zapraszamy na oprowadzanie kuratorskie po wystawie sta\u0142ej \u201eOstro\u0142\u0119ka. 6 x Narew\u201d, kt\u00f3re odb\u0119dzie si\u0119 2 marca (w niedziel\u0119) o godzinie 11.00. Podczas spotkania zaprezentujemy r\u00f3wnie\u017c kolejny zeszyt z serii \u201eWystawa. Appendix\u201d, kt\u00f3ry tym razem po\u015bwi\u0119cony jest Towarzystwu Wio\u015blarskiemu w Ostro\u0142\u0119ce.<br \/>\nTymczasem prezentujemy ostatni nabytek do zbior\u00f3w \u2013 fotografi\u0119 z lat 1923\u20131924, wykonan\u0105 przez Franciszka Walca. Przedstawia wodniak\u00f3w i ich go\u015bci, kt\u00f3rzy stoj\u0105 przed przystani\u0105. Bardziej dok\u0142adne informacje przeka\u017cemy Pa\u0144stwu podczas spotkania, kt\u00f3re poprowadzi kuratorka wystawy \u2013 Barbara Kalinowska.<\/p>\n<p>Wydarzenie odb\u0119dzie si\u0119 w Muzeum Kultury Kurpiowskiej przy Placu gen. J. Bema 8 w Ostro\u0142\u0119ce.<\/p>\n<p>&nbsp;<\/p>\n<p>&nbsp;<\/p>\n<p style=\"text-align: center;\"><img loading=\"lazy\" decoding=\"async\" class=\"aligncenter wp-image-17570 size-large\" src=\"http:\/\/muzeum.ostroleka.pl\/wp-content\/uploads\/2025\/02\/nr_inw_mkk_ha_5146p-1024x695.jpg\" alt=\"\" width=\"1024\" height=\"695\" srcset=\"https:\/\/muzeum.ostroleka.pl\/wp-content\/uploads\/2025\/02\/nr_inw_mkk_ha_5146p-1024x695.jpg 1024w, https:\/\/muzeum.ostroleka.pl\/wp-content\/uploads\/2025\/02\/nr_inw_mkk_ha_5146p-300x204.jpg 300w, https:\/\/muzeum.ostroleka.pl\/wp-content\/uploads\/2025\/02\/nr_inw_mkk_ha_5146p-768x521.jpg 768w, https:\/\/muzeum.ostroleka.pl\/wp-content\/uploads\/2025\/02\/nr_inw_mkk_ha_5146p-1536x1043.jpg 1536w, https:\/\/muzeum.ostroleka.pl\/wp-content\/uploads\/2025\/02\/nr_inw_mkk_ha_5146p-500x339.jpg 500w, https:\/\/muzeum.ostroleka.pl\/wp-content\/uploads\/2025\/02\/nr_inw_mkk_ha_5146p.jpg 1600w\" sizes=\"auto, (max-width: 1024px) 100vw, 1024px\" \/><br \/>\n<span style=\"font-size: 10pt;\">Fotografia \u2013 wodniacy i ich go\u015bcie, kt\u00f3rzy stoj\u0105 przed przystani\u0105, lata 1923-1924, fot. Franciszek Walc, nr inw. MKK\/HA\/5146(p).<\/span><\/p>\n<p>&nbsp;<\/p>\n","protected":false},"excerpt":{"rendered":"<p>Zapraszamy na oprowadzanie kuratorskie po wystawie sta\u0142ej \u201eOstro\u0142\u0119ka. 6 x Narew\u201d, kt\u00f3re odb\u0119dzie si\u0119 2 marca (w niedziel\u0119) o godzinie 11.00. Podczas spotkania zaprezentujemy r\u00f3wnie\u017c kolejny zeszyt z serii \u201eWystawa. Appendix\u201d, kt\u00f3ry tym razem po\u015bwi\u0119cony jest Towarzystwu Wio\u015blarskiemu w Ostro\u0142\u0119ce. Tymczasem prezentujemy ostatni nabytek do zbior\u00f3w \u2013 fotografi\u0119 z lat 1923\u20131924, wykonan\u0105 przez Franciszka Walca. [&hellip;]<\/p>\n","protected":false},"author":3,"featured_media":17569,"comment_status":"closed","ping_status":"closed","sticky":false,"template":"","format":"standard","meta":{"_acf_changed":false,"_lmt_disableupdate":"","_lmt_disable":"","_monsterinsights_skip_tracking":false,"_monsterinsights_sitenote_active":false,"_monsterinsights_sitenote_note":"","_monsterinsights_sitenote_category":0,"ngg_post_thumbnail":0,"footnotes":""},"categories":[3,74],"tags":[],"class_list":["post-17577","post","type-post","status-publish","format-standard","has-post-thumbnail","hentry","category-aktualnosci","category-wydarzenia"],"acf":[],"modified_by":"Daniel Go\u0142a\u015b","_links":{"self":[{"href":"https:\/\/muzeum.ostroleka.pl\/index.php?rest_route=\/wp\/v2\/posts\/17577","targetHints":{"allow":["GET"]}}],"collection":[{"href":"https:\/\/muzeum.ostroleka.pl\/index.php?rest_route=\/wp\/v2\/posts"}],"about":[{"href":"https:\/\/muzeum.ostroleka.pl\/index.php?rest_route=\/wp\/v2\/types\/post"}],"author":[{"embeddable":true,"href":"https:\/\/muzeum.ostroleka.pl\/index.php?rest_route=\/wp\/v2\/users\/3"}],"replies":[{"embeddable":true,"href":"https:\/\/muzeum.ostroleka.pl\/index.php?rest_route=%2Fwp%2Fv2%2Fcomments&post=17577"}],"version-history":[{"count":3,"href":"https:\/\/muzeum.ostroleka.pl\/index.php?rest_route=\/wp\/v2\/posts\/17577\/revisions"}],"predecessor-version":[{"id":17580,"href":"https:\/\/muzeum.ostroleka.pl\/index.php?rest_route=\/wp\/v2\/posts\/17577\/revisions\/17580"}],"wp:featuredmedia":[{"embeddable":true,"href":"https:\/\/muzeum.ostroleka.pl\/index.php?rest_route=\/wp\/v2\/media\/17569"}],"wp:attachment":[{"href":"https:\/\/muzeum.ostroleka.pl\/index.php?rest_route=%2Fwp%2Fv2%2Fmedia&parent=17577"}],"wp:term":[{"taxonomy":"category","embeddable":true,"href":"https:\/\/muzeum.ostroleka.pl\/index.php?rest_route=%2Fwp%2Fv2%2Fcategories&post=17577"},{"taxonomy":"post_tag","embeddable":true,"href":"https:\/\/muzeum.ostroleka.pl\/index.php?rest_route=%2Fwp%2Fv2%2Ftags&post=17577"}],"curies":[{"name":"wp","href":"https:\/\/api.w.org\/{rel}","templated":true}]}}