{"id":17670,"date":"2025-03-25T12:54:38","date_gmt":"2025-03-25T11:54:38","guid":{"rendered":"https:\/\/muzeum.ostroleka.pl\/?p=17670"},"modified":"2025-03-25T12:54:38","modified_gmt":"2025-03-25T11:54:38","slug":"zapraszamy-na-spotkanie-podsumowujace-plener-malarski-oraz-ogloszenie-wynikow-konkursu-literackiego","status":"publish","type":"post","link":"https:\/\/muzeum.ostroleka.pl\/?p=17670","title":{"rendered":"Zapraszamy na spotkanie podsumowuj\u0105ce plener malarski oraz og\u0142oszenie wynik\u00f3w konkursu literackiego"},"content":{"rendered":"<p style=\"text-align: justify;\">Zapraszamy na spotkanie podsumowuj\u0105ce plener we wn\u0119trzu \u201eMaluj sobie, maluj\u201d oraz og\u0142oszenie wynik\u00f3w konkursu \u201eWierszyki-\u017carciki\u201d organizowanego wsp\u00f3lnie ze Stowarzyszeniem Przyjaci\u00f3\u0142 Bibliotek i Ksi\u0105\u017cki w Ostro\u0142\u0119ce.<br \/>\nW ramach wydarzenia otworzymy wystaw\u0119 poplenerow\u0105, na kt\u00f3rej zaprezentujemy prace uczestnik\u00f3w.<\/p>\n<p style=\"text-align: justify;\">Spotkanie odb\u0119dzie si\u0119 w najbli\u017csz\u0105 niedziel\u0119, 30 marca o godzinie 12.00 w budynku MKK przy pl. gen. J. Bema 8 w Ostro\u0142\u0119ce.<\/p>\n<p style=\"text-align: justify;\">Serdecznie zapraszamy!<\/p>\n<p>&nbsp;<\/p>\n<p>&#8212;<br \/>\nWydarzenie towarzysz\u0105ce wystawie \u201e\u015awiat nierealny, lecz poznawalny. Malarstwo Magdaleny Shummer\u201d.<br \/>\nWystawa Pa\u0144stwowego Muzeum Etnograficznego w Warszawie.<\/p>\n","protected":false},"excerpt":{"rendered":"<p>Zapraszamy na spotkanie podsumowuj\u0105ce plener we wn\u0119trzu \u201eMaluj sobie, maluj\u201d oraz og\u0142oszenie wynik\u00f3w konkursu \u201eWierszyki-\u017carciki\u201d organizowanego wsp\u00f3lnie ze Stowarzyszeniem Przyjaci\u00f3\u0142 Bibliotek i Ksi\u0105\u017cki w Ostro\u0142\u0119ce. W ramach wydarzenia otworzymy wystaw\u0119 poplenerow\u0105, na kt\u00f3rej zaprezentujemy prace uczestnik\u00f3w. Spotkanie odb\u0119dzie si\u0119 w najbli\u017csz\u0105 niedziel\u0119, 30 marca o godzinie 12.00 w budynku MKK przy pl. gen. J. Bema [&hellip;]<\/p>\n","protected":false},"author":3,"featured_media":17672,"comment_status":"closed","ping_status":"closed","sticky":false,"template":"","format":"standard","meta":{"_acf_changed":false,"_lmt_disableupdate":"","_lmt_disable":"no","_monsterinsights_skip_tracking":false,"_monsterinsights_sitenote_active":false,"_monsterinsights_sitenote_note":"","_monsterinsights_sitenote_category":0,"ngg_post_thumbnail":0,"footnotes":""},"categories":[3,8],"tags":[],"class_list":["post-17670","post","type-post","status-publish","format-standard","has-post-thumbnail","hentry","category-aktualnosci","category-wystawy"],"acf":[],"modified_by":"Daniel Go\u0142a\u015b","_links":{"self":[{"href":"https:\/\/muzeum.ostroleka.pl\/index.php?rest_route=\/wp\/v2\/posts\/17670","targetHints":{"allow":["GET"]}}],"collection":[{"href":"https:\/\/muzeum.ostroleka.pl\/index.php?rest_route=\/wp\/v2\/posts"}],"about":[{"href":"https:\/\/muzeum.ostroleka.pl\/index.php?rest_route=\/wp\/v2\/types\/post"}],"author":[{"embeddable":true,"href":"https:\/\/muzeum.ostroleka.pl\/index.php?rest_route=\/wp\/v2\/users\/3"}],"replies":[{"embeddable":true,"href":"https:\/\/muzeum.ostroleka.pl\/index.php?rest_route=%2Fwp%2Fv2%2Fcomments&post=17670"}],"version-history":[{"count":1,"href":"https:\/\/muzeum.ostroleka.pl\/index.php?rest_route=\/wp\/v2\/posts\/17670\/revisions"}],"predecessor-version":[{"id":17673,"href":"https:\/\/muzeum.ostroleka.pl\/index.php?rest_route=\/wp\/v2\/posts\/17670\/revisions\/17673"}],"wp:featuredmedia":[{"embeddable":true,"href":"https:\/\/muzeum.ostroleka.pl\/index.php?rest_route=\/wp\/v2\/media\/17672"}],"wp:attachment":[{"href":"https:\/\/muzeum.ostroleka.pl\/index.php?rest_route=%2Fwp%2Fv2%2Fmedia&parent=17670"}],"wp:term":[{"taxonomy":"category","embeddable":true,"href":"https:\/\/muzeum.ostroleka.pl\/index.php?rest_route=%2Fwp%2Fv2%2Fcategories&post=17670"},{"taxonomy":"post_tag","embeddable":true,"href":"https:\/\/muzeum.ostroleka.pl\/index.php?rest_route=%2Fwp%2Fv2%2Ftags&post=17670"}],"curies":[{"name":"wp","href":"https:\/\/api.w.org\/{rel}","templated":true}]}}