{"id":17775,"date":"2025-04-18T10:08:45","date_gmt":"2025-04-18T09:08:45","guid":{"rendered":"https:\/\/muzeum.ostroleka.pl\/?p=17775"},"modified":"2025-04-18T14:23:17","modified_gmt":"2025-04-18T13:23:17","slug":"zaproszenie-na-finisaz-wystawy-tradycyjna-wycinanka-zydowska-i-spotkanie-z-autorem","status":"publish","type":"post","link":"https:\/\/muzeum.ostroleka.pl\/?p=17775","title":{"rendered":"Zaproszenie na finisa\u017c wystawy \u201eTradycyjna wycinanka \u017cydowska\u201d i spotkanie z autorem"},"content":{"rendered":"<p style=\"text-align: justify;\">Serdecznie zapraszamy na spotkanie z Piotrem Krancem-Sztuczy\u0144skim, autorem wystawy \u201eTradycyjna wycinanka \u017cydowska\u201d w ramach finisa\u017cu, kt\u00f3ry odb\u0119dzie si\u0119 w Muzeum Kultury Kurpiowskiej przy placu Bema 8 w sobot\u0119 26 kwietnia 2025 r. o godzinie 11.00.<br \/>\nPodczas wydarzenia odb\u0119dzie si\u0119 oprowadzanie kuratorskie, a tak\u017ce pokaz wykonywania wycinanek \u017cydowskich.<\/p>\n<p>&nbsp;<\/p>\nngg_shortcode_0_placeholder\n","protected":false},"excerpt":{"rendered":"<p>Serdecznie zapraszamy na spotkanie z Piotrem Krancem-Sztuczy\u0144skim, autorem wystawy \u201eTradycyjna wycinanka \u017cydowska\u201d w ramach finisa\u017cu, kt\u00f3ry odb\u0119dzie si\u0119 w Muzeum Kultury Kurpiowskiej przy placu Bema 8 w sobot\u0119 26 kwietnia 2025 r. o godzinie 11.00. Podczas wydarzenia odb\u0119dzie si\u0119 oprowadzanie kuratorskie, a tak\u017ce pokaz wykonywania wycinanek \u017cydowskich. &nbsp;<\/p>\n","protected":false},"author":3,"featured_media":17559,"comment_status":"closed","ping_status":"closed","sticky":false,"template":"","format":"standard","meta":{"_acf_changed":false,"_lmt_disableupdate":"no","_lmt_disable":"no","_monsterinsights_skip_tracking":false,"_monsterinsights_sitenote_active":false,"_monsterinsights_sitenote_note":"","_monsterinsights_sitenote_category":0,"ngg_post_thumbnail":0,"footnotes":""},"categories":[3],"tags":[],"class_list":["post-17775","post","type-post","status-publish","format-standard","has-post-thumbnail","hentry","category-aktualnosci"],"acf":[],"modified_by":"Daniel Go\u0142a\u015b","_links":{"self":[{"href":"https:\/\/muzeum.ostroleka.pl\/index.php?rest_route=\/wp\/v2\/posts\/17775","targetHints":{"allow":["GET"]}}],"collection":[{"href":"https:\/\/muzeum.ostroleka.pl\/index.php?rest_route=\/wp\/v2\/posts"}],"about":[{"href":"https:\/\/muzeum.ostroleka.pl\/index.php?rest_route=\/wp\/v2\/types\/post"}],"author":[{"embeddable":true,"href":"https:\/\/muzeum.ostroleka.pl\/index.php?rest_route=\/wp\/v2\/users\/3"}],"replies":[{"embeddable":true,"href":"https:\/\/muzeum.ostroleka.pl\/index.php?rest_route=%2Fwp%2Fv2%2Fcomments&post=17775"}],"version-history":[{"count":3,"href":"https:\/\/muzeum.ostroleka.pl\/index.php?rest_route=\/wp\/v2\/posts\/17775\/revisions"}],"predecessor-version":[{"id":17785,"href":"https:\/\/muzeum.ostroleka.pl\/index.php?rest_route=\/wp\/v2\/posts\/17775\/revisions\/17785"}],"wp:featuredmedia":[{"embeddable":true,"href":"https:\/\/muzeum.ostroleka.pl\/index.php?rest_route=\/wp\/v2\/media\/17559"}],"wp:attachment":[{"href":"https:\/\/muzeum.ostroleka.pl\/index.php?rest_route=%2Fwp%2Fv2%2Fmedia&parent=17775"}],"wp:term":[{"taxonomy":"category","embeddable":true,"href":"https:\/\/muzeum.ostroleka.pl\/index.php?rest_route=%2Fwp%2Fv2%2Fcategories&post=17775"},{"taxonomy":"post_tag","embeddable":true,"href":"https:\/\/muzeum.ostroleka.pl\/index.php?rest_route=%2Fwp%2Fv2%2Ftags&post=17775"}],"curies":[{"name":"wp","href":"https:\/\/api.w.org\/{rel}","templated":true}]}}