{"id":17787,"date":"2025-04-28T09:06:34","date_gmt":"2025-04-28T08:06:34","guid":{"rendered":"https:\/\/muzeum.ostroleka.pl\/?p=17787"},"modified":"2025-04-28T09:06:34","modified_gmt":"2025-04-28T08:06:34","slug":"zapraszamy-do-udzialu-w-rodzinnej-imprezie-patriotycznej-bialo-czerwona-obowiazkowo","status":"publish","type":"post","link":"https:\/\/muzeum.ostroleka.pl\/?p=17787","title":{"rendered":"Zapraszamy do udzia\u0142u w rodzinnej imprezie patriotycznej \u201eBia\u0142o-czerwona. Obowi\u0105zkowo!\u201d"},"content":{"rendered":"<p style=\"text-align: justify;\">Maj zbli\u017ca si\u0119 wielkimi krokami, a wraz z nim wa\u017cne dla Polak\u00f3w \u015bwi\u0119ta. W zwi\u0105zku z tym serdecznie zapraszamy do wsp\u00f3lnego uczczenia Dnia Flagi Rzeczypospolitej Polskiej oraz \u015awi\u0119ta Konstytucji 3 Maja, podczas rodzinnej imprezy patriotycznej \u201eBia\u0142o-czerwona. Obowi\u0105zkowo!\u201d. Impreza b\u0119dzie wspania\u0142\u0105 okazj\u0105 do poszerzenia wiedzy o naszej Ojczy\u017anie, symbolach narodowych i historii oraz wsp\u00f3lnego sp\u0119dzenia czasu w gronie rodziny i przyjaci\u00f3\u0142.<\/p>\n<p>W programie:<br \/>\n\u2022&nbsp; tworzenie mini flag na patyczku,<br \/>\n\u2022&nbsp; obrazki metod\u0105 quillingu,<br \/>\n\u2022&nbsp; patriotyczne serce (dekoracja w doniczce),<br \/>\n\u2022&nbsp; bi\u017cuteria patriotyczna,<br \/>\n\u2022&nbsp; degustacja bia\u0142o-czerwonych galaretek,<br \/>\n\u2022&nbsp; uk\u0142adanie puzzli z obrazem Jana Matejki \u201eKonstytucja 3 Maja 1791 roku\u201d,<br \/>\n\u2022&nbsp; rozwi\u0105zywanie zada\u0144 na kartach edukacyjnych.<\/p>\n<p>Bilet wst\u0119pu: 15 z\u0142otych od osoby.<\/p>\n<p>Wydarzenie odb\u0119dzie si\u0119 3 maja 2025 r. (sobota) w godz. od 11.00 do 15.00 w budynku Muzeum Kultury Kurpiowskiej przy placu gen. J. Bema 8 w Ostro\u0142\u0119ce.<\/p>\n<p>&nbsp;<\/p>\n<p>Jak co roku w dniach 2 i 3 maja w godzinach od 20.00 do 24.00, Pomnik Mauzoleum przy ul. Warszawskiej 2A roz\u015bwietli bia\u0142o-czerwona iluminacja.<\/p>\n<p>&nbsp;<\/p>\n<p>&nbsp;<\/p>\n","protected":false},"excerpt":{"rendered":"<p>Maj zbli\u017ca si\u0119 wielkimi krokami, a wraz z nim wa\u017cne dla Polak\u00f3w \u015bwi\u0119ta. W zwi\u0105zku z tym serdecznie zapraszamy do wsp\u00f3lnego uczczenia Dnia Flagi Rzeczypospolitej Polskiej oraz \u015awi\u0119ta Konstytucji 3 Maja, podczas rodzinnej imprezy patriotycznej \u201eBia\u0142o-czerwona. Obowi\u0105zkowo!\u201d. Impreza b\u0119dzie wspania\u0142\u0105 okazj\u0105 do poszerzenia wiedzy o naszej Ojczy\u017anie, symbolach narodowych i historii oraz wsp\u00f3lnego sp\u0119dzenia czasu [&hellip;]<\/p>\n","protected":false},"author":3,"featured_media":17788,"comment_status":"closed","ping_status":"closed","sticky":false,"template":"","format":"standard","meta":{"_acf_changed":false,"_lmt_disableupdate":"no","_lmt_disable":"no","_monsterinsights_skip_tracking":false,"_monsterinsights_sitenote_active":false,"_monsterinsights_sitenote_note":"","_monsterinsights_sitenote_category":0,"ngg_post_thumbnail":0,"footnotes":""},"categories":[3,74],"tags":[],"class_list":["post-17787","post","type-post","status-publish","format-standard","has-post-thumbnail","hentry","category-aktualnosci","category-wydarzenia"],"acf":[],"modified_by":"Daniel Go\u0142a\u015b","_links":{"self":[{"href":"https:\/\/muzeum.ostroleka.pl\/index.php?rest_route=\/wp\/v2\/posts\/17787","targetHints":{"allow":["GET"]}}],"collection":[{"href":"https:\/\/muzeum.ostroleka.pl\/index.php?rest_route=\/wp\/v2\/posts"}],"about":[{"href":"https:\/\/muzeum.ostroleka.pl\/index.php?rest_route=\/wp\/v2\/types\/post"}],"author":[{"embeddable":true,"href":"https:\/\/muzeum.ostroleka.pl\/index.php?rest_route=\/wp\/v2\/users\/3"}],"replies":[{"embeddable":true,"href":"https:\/\/muzeum.ostroleka.pl\/index.php?rest_route=%2Fwp%2Fv2%2Fcomments&post=17787"}],"version-history":[{"count":4,"href":"https:\/\/muzeum.ostroleka.pl\/index.php?rest_route=\/wp\/v2\/posts\/17787\/revisions"}],"predecessor-version":[{"id":17794,"href":"https:\/\/muzeum.ostroleka.pl\/index.php?rest_route=\/wp\/v2\/posts\/17787\/revisions\/17794"}],"wp:featuredmedia":[{"embeddable":true,"href":"https:\/\/muzeum.ostroleka.pl\/index.php?rest_route=\/wp\/v2\/media\/17788"}],"wp:attachment":[{"href":"https:\/\/muzeum.ostroleka.pl\/index.php?rest_route=%2Fwp%2Fv2%2Fmedia&parent=17787"}],"wp:term":[{"taxonomy":"category","embeddable":true,"href":"https:\/\/muzeum.ostroleka.pl\/index.php?rest_route=%2Fwp%2Fv2%2Fcategories&post=17787"},{"taxonomy":"post_tag","embeddable":true,"href":"https:\/\/muzeum.ostroleka.pl\/index.php?rest_route=%2Fwp%2Fv2%2Ftags&post=17787"}],"curies":[{"name":"wp","href":"https:\/\/api.w.org\/{rel}","templated":true}]}}