{"id":17795,"date":"2025-04-29T12:15:54","date_gmt":"2025-04-29T11:15:54","guid":{"rendered":"https:\/\/muzeum.ostroleka.pl\/?p=17795"},"modified":"2025-04-29T12:17:37","modified_gmt":"2025-04-29T11:17:37","slug":"zaproszenie-na-wernisaz-10","status":"publish","type":"post","link":"https:\/\/muzeum.ostroleka.pl\/?p=17795","title":{"rendered":"Zaproszenie na wernisa\u017c"},"content":{"rendered":"<p style=\"text-align: center;\"><span style=\"font-size: 12pt;\">Dyrektor Muzeum Kultury Kurpiowskiej w Ostro\u0142\u0119ce<\/span><br \/>\n<span style=\"font-size: 12pt;\">oraz<\/span><br \/>\n<span style=\"font-size: 12pt;\">Dyrektor Muzeum Okr\u0119gowego w Suwa\u0142kach<\/span><\/p>\n<p style=\"text-align: center;\"><span style=\"font-size: 12pt;\">zapraszaj\u0105 na wernisa\u017c wystawy<\/span><\/p>\n<p style=\"text-align: center;\">&nbsp;<\/p>\n<p style=\"text-align: center;\"><span style=\"font-size: 22pt;\"><strong>\u201eJa\u0107wieskie eldorado\u201d<\/strong><\/span><\/p>\n<p style=\"text-align: center;\">&nbsp;<\/p>\n<p style=\"text-align: center;\">Wydarzenie odb\u0119dzie si\u0119 9 maja 2025 r. (pi\u0105tek) o godz. 14.00<br \/>\nw Muzeum Kultury Kurpiowskiej przy Placu gen. J. Bema 8 w Ostro\u0142\u0119ce.<\/p>\n<p>&nbsp;<\/p>\n<p>&nbsp;<\/p>\n<p style=\"text-align: justify;\">Wystawa \u201eJa\u0107wieskie eldorado\u201d po\u015bwi\u0119cona jest badaniom archeologicznym, prowadzonym od 2016 roku na stanowisku w Kruk\u00f3wku, miejscowo\u015bci zlokalizowanej w powiecie Suwalskim w gminie Raczki. Wystawa prezentuje kolekcj\u0119 najciekawszych eksponat\u00f3w pozyskanych przez archeolog\u00f3w podczas prac wykopaliskowych. Zwiedzaj\u0105cy b\u0119d\u0105 mogli zobaczy\u0107 ozdoby i elementy stroju takie jak zapinki, bransolety, pier\u015bcionki, naszyjniki, zawieszki, paciorki, sprz\u0105czki. Ponadto bro\u0144 i oporz\u0105dzenie je\u017adzieckie. Miecze, groty oszczep\u00f3w i w\u0142\u00f3czni, ostrogi, w\u0119dzid\u0142a, strzemiona oraz narz\u0119dzia i inne przedmioty codziennego u\u017cytku (no\u017ce, krzesiwa, ose\u0142ki, ig\u0142y, szyd\u0142a, prz\u0119\u015bliki i naczynia gliniane). Przedmioty wk\u0142adane do grobu mia\u0142y podkre\u015bla\u0107 status spo\u0142eczny i maj\u0105tkowy zmar\u0142ego. Cia\u0142opalne cmentarzysko w Kruk\u00f3wku to najbogatsze wczesno\u015bredniowieczne cmentarzysko Ja\u0107wing\u00f3w, jakie do tej pory uda\u0142o si\u0119 odkry\u0107.<\/p>\n<p>&nbsp;<\/p>\n<p style=\"text-align: justify;\">Zabytki pochodz\u0105 ze zbior\u00f3w Muzeum Okr\u0119gowego w Suwa\u0142kach. Ekspozycj\u0119 przygotowano we wsp\u00f3\u0142pracy z Pa\u0144stwowym Muzeum Archeologicznym w Warszawie.<\/p>\n","protected":false},"excerpt":{"rendered":"<p>Dyrektor Muzeum Kultury Kurpiowskiej w Ostro\u0142\u0119ce oraz Dyrektor Muzeum Okr\u0119gowego w Suwa\u0142kach zapraszaj\u0105 na wernisa\u017c wystawy &nbsp; \u201eJa\u0107wieskie eldorado\u201d &nbsp; Wydarzenie odb\u0119dzie si\u0119 9 maja 2025 r. (pi\u0105tek) o godz. 14.00 w Muzeum Kultury Kurpiowskiej przy Placu gen. J. Bema 8 w Ostro\u0142\u0119ce. &nbsp; &nbsp; Wystawa \u201eJa\u0107wieskie eldorado\u201d po\u015bwi\u0119cona jest badaniom archeologicznym, prowadzonym od 2016 [&hellip;]<\/p>\n","protected":false},"author":3,"featured_media":17796,"comment_status":"closed","ping_status":"closed","sticky":false,"template":"","format":"standard","meta":{"_acf_changed":false,"_lmt_disableupdate":"no","_lmt_disable":"no","_monsterinsights_skip_tracking":false,"_monsterinsights_sitenote_active":false,"_monsterinsights_sitenote_note":"","_monsterinsights_sitenote_category":0,"ngg_post_thumbnail":0,"footnotes":""},"categories":[3],"tags":[],"class_list":["post-17795","post","type-post","status-publish","format-standard","has-post-thumbnail","hentry","category-aktualnosci"],"acf":[],"modified_by":"Daniel Go\u0142a\u015b","_links":{"self":[{"href":"https:\/\/muzeum.ostroleka.pl\/index.php?rest_route=\/wp\/v2\/posts\/17795","targetHints":{"allow":["GET"]}}],"collection":[{"href":"https:\/\/muzeum.ostroleka.pl\/index.php?rest_route=\/wp\/v2\/posts"}],"about":[{"href":"https:\/\/muzeum.ostroleka.pl\/index.php?rest_route=\/wp\/v2\/types\/post"}],"author":[{"embeddable":true,"href":"https:\/\/muzeum.ostroleka.pl\/index.php?rest_route=\/wp\/v2\/users\/3"}],"replies":[{"embeddable":true,"href":"https:\/\/muzeum.ostroleka.pl\/index.php?rest_route=%2Fwp%2Fv2%2Fcomments&post=17795"}],"version-history":[{"count":15,"href":"https:\/\/muzeum.ostroleka.pl\/index.php?rest_route=\/wp\/v2\/posts\/17795\/revisions"}],"predecessor-version":[{"id":17813,"href":"https:\/\/muzeum.ostroleka.pl\/index.php?rest_route=\/wp\/v2\/posts\/17795\/revisions\/17813"}],"wp:featuredmedia":[{"embeddable":true,"href":"https:\/\/muzeum.ostroleka.pl\/index.php?rest_route=\/wp\/v2\/media\/17796"}],"wp:attachment":[{"href":"https:\/\/muzeum.ostroleka.pl\/index.php?rest_route=%2Fwp%2Fv2%2Fmedia&parent=17795"}],"wp:term":[{"taxonomy":"category","embeddable":true,"href":"https:\/\/muzeum.ostroleka.pl\/index.php?rest_route=%2Fwp%2Fv2%2Fcategories&post=17795"},{"taxonomy":"post_tag","embeddable":true,"href":"https:\/\/muzeum.ostroleka.pl\/index.php?rest_route=%2Fwp%2Fv2%2Ftags&post=17795"}],"curies":[{"name":"wp","href":"https:\/\/api.w.org\/{rel}","templated":true}]}}