{"id":18082,"date":"2025-06-13T15:01:17","date_gmt":"2025-06-13T14:01:17","guid":{"rendered":"https:\/\/muzeum.ostroleka.pl\/?p=18082"},"modified":"2025-06-17T09:02:02","modified_gmt":"2025-06-17T08:02:02","slug":"warsztaty-plecionkarskie-w-mkk","status":"publish","type":"post","link":"https:\/\/muzeum.ostroleka.pl\/?p=18082","title":{"rendered":"Warsztaty plecionkarskie w MKK"},"content":{"rendered":"<p style=\"text-align: justify;\">13 czerwca 2025 r. w Muzeum Kultury Kurpiowskiej w Ostro\u0142\u0119ce odby\u0142y si\u0119 warsztaty plecionkarskie, w kt\u00f3rych wzi\u0119li udzia\u0142 podopieczni \u015arodowiskowego Domu Samopomocy. Zaj\u0119cia poprowadzi\u0142 tw\u00f3rca ludowy Wies\u0142aw Kuskowski. Uczestnicy przyjrzeli si\u0119 technikom wyplatania oraz poznali narz\u0119dzia i materia\u0142y wykorzystywane w procesie tworzenia. Efektem by\u0142y pi\u0119kne wiklinowe kwiatki z wikliny, kt\u00f3re nasi go\u015bcie wykonali w\u0142asnor\u0119cznie.<\/p>\n<p style=\"text-align: justify;\">Dzi\u0119kujemy za mi\u0142e spotkanie i zapraszamy do zapisywania si\u0119 kolejne warsztaty, kt\u00f3re odb\u0119d\u0105 si\u0119 ju\u017c w najbli\u017csz\u0105 \u015brod\u0119 18 czerwca o godzinie 10.00. Mamy jeszcze kilka wolnych miejsc. Zapisy przyjmuje Dzia\u0142 Etnograficzny MKK pod numerem tel. 29 764 54 43 wew. 36 lub poprzez e-mail: o.mrowinska@muzeum.ostroleka.pl.<\/p>\n<p style=\"text-align: justify;\">Warsztaty odby\u0142y si\u0119 w ramach projektu \u201ePlecionkarstwo kurpiowskie \u2013 tradycja \u017cywa\u201d. Dofinansowano ze \u015brodk\u00f3w Ministra Kultury i Dziedzictwa Narodowego pochodz\u0105cych z Funduszu Promocji Kultury oraz Samorz\u0105du Wojew\u00f3dztwa Mazowieckiego.<\/p>\n<p>&nbsp;<\/p>\nngg_shortcode_0_placeholder\n","protected":false},"excerpt":{"rendered":"<p>13 czerwca 2025 r. w Muzeum Kultury Kurpiowskiej w Ostro\u0142\u0119ce odby\u0142y si\u0119 warsztaty plecionkarskie, w kt\u00f3rych wzi\u0119li udzia\u0142 podopieczni \u015arodowiskowego Domu Samopomocy. Zaj\u0119cia poprowadzi\u0142 tw\u00f3rca ludowy Wies\u0142aw Kuskowski. Uczestnicy przyjrzeli si\u0119 technikom wyplatania oraz poznali narz\u0119dzia i materia\u0142y wykorzystywane w procesie tworzenia. Efektem by\u0142y pi\u0119kne wiklinowe kwiatki z wikliny, kt\u00f3re nasi go\u015bcie wykonali w\u0142asnor\u0119cznie. Dzi\u0119kujemy [&hellip;]<\/p>\n","protected":false},"author":3,"featured_media":18083,"comment_status":"closed","ping_status":"closed","sticky":false,"template":"","format":"standard","meta":{"_acf_changed":false,"_lmt_disableupdate":"no","_lmt_disable":"no","_monsterinsights_skip_tracking":false,"_monsterinsights_sitenote_active":false,"_monsterinsights_sitenote_note":"","_monsterinsights_sitenote_category":0,"ngg_post_thumbnail":0,"footnotes":""},"categories":[3],"tags":[],"class_list":["post-18082","post","type-post","status-publish","format-standard","has-post-thumbnail","hentry","category-aktualnosci"],"acf":[],"modified_by":"Daniel Go\u0142a\u015b","_links":{"self":[{"href":"https:\/\/muzeum.ostroleka.pl\/index.php?rest_route=\/wp\/v2\/posts\/18082","targetHints":{"allow":["GET"]}}],"collection":[{"href":"https:\/\/muzeum.ostroleka.pl\/index.php?rest_route=\/wp\/v2\/posts"}],"about":[{"href":"https:\/\/muzeum.ostroleka.pl\/index.php?rest_route=\/wp\/v2\/types\/post"}],"author":[{"embeddable":true,"href":"https:\/\/muzeum.ostroleka.pl\/index.php?rest_route=\/wp\/v2\/users\/3"}],"replies":[{"embeddable":true,"href":"https:\/\/muzeum.ostroleka.pl\/index.php?rest_route=%2Fwp%2Fv2%2Fcomments&post=18082"}],"version-history":[{"count":1,"href":"https:\/\/muzeum.ostroleka.pl\/index.php?rest_route=\/wp\/v2\/posts\/18082\/revisions"}],"predecessor-version":[{"id":18101,"href":"https:\/\/muzeum.ostroleka.pl\/index.php?rest_route=\/wp\/v2\/posts\/18082\/revisions\/18101"}],"wp:featuredmedia":[{"embeddable":true,"href":"https:\/\/muzeum.ostroleka.pl\/index.php?rest_route=\/wp\/v2\/media\/18083"}],"wp:attachment":[{"href":"https:\/\/muzeum.ostroleka.pl\/index.php?rest_route=%2Fwp%2Fv2%2Fmedia&parent=18082"}],"wp:term":[{"taxonomy":"category","embeddable":true,"href":"https:\/\/muzeum.ostroleka.pl\/index.php?rest_route=%2Fwp%2Fv2%2Fcategories&post=18082"},{"taxonomy":"post_tag","embeddable":true,"href":"https:\/\/muzeum.ostroleka.pl\/index.php?rest_route=%2Fwp%2Fv2%2Ftags&post=18082"}],"curies":[{"name":"wp","href":"https:\/\/api.w.org\/{rel}","templated":true}]}}