{"id":18117,"date":"2025-06-23T08:46:04","date_gmt":"2025-06-23T07:46:04","guid":{"rendered":"https:\/\/muzeum.ostroleka.pl\/?p=18117"},"modified":"2025-06-23T10:43:05","modified_gmt":"2025-06-23T09:43:05","slug":"lipcowe-warsztaty-plecionkarskie-z-zywa-tradycja","status":"publish","type":"post","link":"https:\/\/muzeum.ostroleka.pl\/?p=18117","title":{"rendered":"Lipcowe warsztaty plecionkarskie z \u017cyw\u0105 tradycj\u0105!"},"content":{"rendered":"<p style=\"text-align: justify;\">W ramach projektu \u201ePlecionkarstwo kurpiowskie \u2013 tradycja \u017cywa\u201d zapraszamy na wyj\u0105tkowe lipcowe spotkania z tradycyjnym rzemios\u0142em Kurpiowszczyzny. To doskona\u0142a okazja, by pozna\u0107 dawne techniki wyplatania i spotka\u0107 si\u0119 z mistrzami tego r\u0119kodzie\u0142a!<\/p>\n<p><strong>Harmonogram warsztat\u00f3w:<\/strong><\/p>\n<p><strong>5 lipca, godz. 11.00 \u2013 Zagroda Kurpiowska w Kadzidle<\/strong><br \/>\nEwa D\u0105browska (Skansen \u2013 Muzeum Wsi Mazowieckiej w Sierpcu)<br \/>\nTemat: <em>Szycie ze s\u0142omy \u2013 warsztaty pokazowe<\/em><\/p>\n<p><strong>13 lipca, godz. 11.00 \u2013 Muzeum Kultury Kurpiowskiej w Ostro\u0142\u0119ce<\/strong><br \/>\nKazimierz Szypulski<br \/>\nTemat: <em>Wyplatanie z wikliny<\/em><br \/>\nWarsztaty praktyczne w ramach cyklu \u201eNiedziela w Muzeum\u201d<\/p>\n<p><strong>25 lipca, godz. 11.00 \u2013 Zagroda Kurpiowska w Kadzidle<\/strong><br \/>\nStanis\u0142aw Konopka<br \/>\nTemat: <em>Wyplatanie s\u0142omianego siedziska do krzes\u0142a \u2013 pokaz tradycyjnego rzemios\u0142a<\/em><\/p>\n<p>Zapisy i informacje:<br \/>\n\u260e\ufe0f tel. 29 764 54 43 wew. 36,<br \/>\n\ud83d\udce7 e-mail: o.mrowinska@muzeum.ostroleka.pl.<\/p>\n<p>Udzia\u0142 we wszystkich warsztatach jest bezp\u0142atny.<br \/>\nLiczba miejsc ograniczona.<\/p>\n<p>Projekt finansowany przez Ministerstwo Kultury i Dziedzictwa Narodowego z programu Kultura Ludowa i Tradycyjna 2025 oraz Samorz\u0105d Wojew\u00f3dztwa Mazowieckiego.<\/p>\n","protected":false},"excerpt":{"rendered":"<p>W ramach projektu \u201ePlecionkarstwo kurpiowskie \u2013 tradycja \u017cywa\u201d zapraszamy na wyj\u0105tkowe lipcowe spotkania z tradycyjnym rzemios\u0142em Kurpiowszczyzny. To doskona\u0142a okazja, by pozna\u0107 dawne techniki wyplatania i spotka\u0107 si\u0119 z mistrzami tego r\u0119kodzie\u0142a! Harmonogram warsztat\u00f3w: 5 lipca, godz. 11.00 \u2013 Zagroda Kurpiowska w Kadzidle Ewa D\u0105browska (Skansen \u2013 Muzeum Wsi Mazowieckiej w Sierpcu) Temat: Szycie ze [&hellip;]<\/p>\n","protected":false},"author":3,"featured_media":18012,"comment_status":"closed","ping_status":"closed","sticky":false,"template":"","format":"standard","meta":{"_acf_changed":false,"_lmt_disableupdate":"no","_lmt_disable":"no","_monsterinsights_skip_tracking":false,"_monsterinsights_sitenote_active":false,"_monsterinsights_sitenote_note":"","_monsterinsights_sitenote_category":0,"ngg_post_thumbnail":0,"footnotes":""},"categories":[3,74,51],"tags":[],"class_list":["post-18117","post","type-post","status-publish","format-standard","has-post-thumbnail","hentry","category-aktualnosci","category-wydarzenia","category-wydarzenia-cykliczne"],"acf":[],"modified_by":"Daniel Go\u0142a\u015b","_links":{"self":[{"href":"https:\/\/muzeum.ostroleka.pl\/index.php?rest_route=\/wp\/v2\/posts\/18117","targetHints":{"allow":["GET"]}}],"collection":[{"href":"https:\/\/muzeum.ostroleka.pl\/index.php?rest_route=\/wp\/v2\/posts"}],"about":[{"href":"https:\/\/muzeum.ostroleka.pl\/index.php?rest_route=\/wp\/v2\/types\/post"}],"author":[{"embeddable":true,"href":"https:\/\/muzeum.ostroleka.pl\/index.php?rest_route=\/wp\/v2\/users\/3"}],"replies":[{"embeddable":true,"href":"https:\/\/muzeum.ostroleka.pl\/index.php?rest_route=%2Fwp%2Fv2%2Fcomments&post=18117"}],"version-history":[{"count":2,"href":"https:\/\/muzeum.ostroleka.pl\/index.php?rest_route=\/wp\/v2\/posts\/18117\/revisions"}],"predecessor-version":[{"id":18120,"href":"https:\/\/muzeum.ostroleka.pl\/index.php?rest_route=\/wp\/v2\/posts\/18117\/revisions\/18120"}],"wp:featuredmedia":[{"embeddable":true,"href":"https:\/\/muzeum.ostroleka.pl\/index.php?rest_route=\/wp\/v2\/media\/18012"}],"wp:attachment":[{"href":"https:\/\/muzeum.ostroleka.pl\/index.php?rest_route=%2Fwp%2Fv2%2Fmedia&parent=18117"}],"wp:term":[{"taxonomy":"category","embeddable":true,"href":"https:\/\/muzeum.ostroleka.pl\/index.php?rest_route=%2Fwp%2Fv2%2Fcategories&post=18117"},{"taxonomy":"post_tag","embeddable":true,"href":"https:\/\/muzeum.ostroleka.pl\/index.php?rest_route=%2Fwp%2Fv2%2Ftags&post=18117"}],"curies":[{"name":"wp","href":"https:\/\/api.w.org\/{rel}","templated":true}]}}