{"id":18121,"date":"2025-06-23T10:08:44","date_gmt":"2025-06-23T09:08:44","guid":{"rendered":"https:\/\/muzeum.ostroleka.pl\/?p=18121"},"modified":"2025-06-24T13:17:20","modified_gmt":"2025-06-24T12:17:20","slug":"goscie-poznali-kolejne-techniki-wyplatania","status":"publish","type":"post","link":"https:\/\/muzeum.ostroleka.pl\/?p=18121","title":{"rendered":"Go\u015bcie poznali kolejne techniki wyplatania"},"content":{"rendered":"<p style=\"text-align: justify;\">Za nami ju\u017c trzecie warsztaty plecionkarskie, kt\u00f3re odbywaj\u0105 si\u0119 w ramach projektu \u201ePlecionkarstwo kurpiowskie \u2013 tradycja \u017cywa\u201d. W sobot\u0119 21 czerwca 2025 r. odby\u0142o si\u0119 spotkanie, kt\u00f3re poprowadzi\u0142a kurpiowska plecionkarka pochodz\u0105ca z miejscowo\u015bci Ksebki, pani Celina Ba\u0142dyga. Tw\u00f3rczyni na co dzie\u0144 wykonuje wyroby z nieokorowanej wikliny oraz z korzenia sosny. Uczestnicy warsztat\u00f3w tym razem poznali inne ni\u017c dotychczas techniki wyplatania, wykonuj\u0105c koszyki z zastosowaniem dw\u00f3ch rodzaj\u00f3w materia\u0142u. Dzi\u0119ki temu prace zyska\u0142y dominuj\u0105cy zielonkawy kolor \u015bwie\u017cej wikliny, \u201eprze\u0142amany\u201d delikatn\u0105, jasno\u017c\u00f3\u0142t\u0105 barw\u0105 sosnowego korzenia. Okazuje si\u0119, \u017ce plecionkarstwem interesuje si\u0119 r\u00f3wnie\u017c najm\u0142odsze pokolenie, co niezmiernie nas raduje.<\/p>\n<p style=\"text-align: justify;\">Go\u015bcinnie w zaj\u0119ciach uczestniczy\u0142 r\u00f3wnie\u017c pan Eugeniusz Zalewski \u2013 plecionkarz z Zalasu.<\/p>\n<p style=\"text-align: justify;\">Dofinansowano ze \u015brodk\u00f3w Ministra Kultury i Dziedzictwa Narodowego pochodz\u0105cych z Funduszu Promocji Kultury oraz Samorz\u0105du Wojew\u00f3dztwa Mazowieckiego.<\/p>\n<p>&nbsp;<\/p>\nngg_shortcode_0_placeholder\n","protected":false},"excerpt":{"rendered":"<p>Za nami ju\u017c trzecie warsztaty plecionkarskie, kt\u00f3re odbywaj\u0105 si\u0119 w ramach projektu \u201ePlecionkarstwo kurpiowskie \u2013 tradycja \u017cywa\u201d. W sobot\u0119 21 czerwca 2025 r. odby\u0142o si\u0119 spotkanie, kt\u00f3re poprowadzi\u0142a kurpiowska plecionkarka pochodz\u0105ca z miejscowo\u015bci Ksebki, pani Celina Ba\u0142dyga. Tw\u00f3rczyni na co dzie\u0144 wykonuje wyroby z nieokorowanej wikliny oraz z korzenia sosny. Uczestnicy warsztat\u00f3w tym razem poznali [&hellip;]<\/p>\n","protected":false},"author":3,"featured_media":18122,"comment_status":"closed","ping_status":"closed","sticky":false,"template":"","format":"standard","meta":{"_acf_changed":false,"_lmt_disableupdate":"no","_lmt_disable":"no","_monsterinsights_skip_tracking":false,"_monsterinsights_sitenote_active":false,"_monsterinsights_sitenote_note":"","_monsterinsights_sitenote_category":0,"ngg_post_thumbnail":0,"footnotes":""},"categories":[3],"tags":[],"class_list":["post-18121","post","type-post","status-publish","format-standard","has-post-thumbnail","hentry","category-aktualnosci"],"acf":[],"modified_by":"Daniel Go\u0142a\u015b","_links":{"self":[{"href":"https:\/\/muzeum.ostroleka.pl\/index.php?rest_route=\/wp\/v2\/posts\/18121","targetHints":{"allow":["GET"]}}],"collection":[{"href":"https:\/\/muzeum.ostroleka.pl\/index.php?rest_route=\/wp\/v2\/posts"}],"about":[{"href":"https:\/\/muzeum.ostroleka.pl\/index.php?rest_route=\/wp\/v2\/types\/post"}],"author":[{"embeddable":true,"href":"https:\/\/muzeum.ostroleka.pl\/index.php?rest_route=\/wp\/v2\/users\/3"}],"replies":[{"embeddable":true,"href":"https:\/\/muzeum.ostroleka.pl\/index.php?rest_route=%2Fwp%2Fv2%2Fcomments&post=18121"}],"version-history":[{"count":4,"href":"https:\/\/muzeum.ostroleka.pl\/index.php?rest_route=\/wp\/v2\/posts\/18121\/revisions"}],"predecessor-version":[{"id":18135,"href":"https:\/\/muzeum.ostroleka.pl\/index.php?rest_route=\/wp\/v2\/posts\/18121\/revisions\/18135"}],"wp:featuredmedia":[{"embeddable":true,"href":"https:\/\/muzeum.ostroleka.pl\/index.php?rest_route=\/wp\/v2\/media\/18122"}],"wp:attachment":[{"href":"https:\/\/muzeum.ostroleka.pl\/index.php?rest_route=%2Fwp%2Fv2%2Fmedia&parent=18121"}],"wp:term":[{"taxonomy":"category","embeddable":true,"href":"https:\/\/muzeum.ostroleka.pl\/index.php?rest_route=%2Fwp%2Fv2%2Fcategories&post=18121"},{"taxonomy":"post_tag","embeddable":true,"href":"https:\/\/muzeum.ostroleka.pl\/index.php?rest_route=%2Fwp%2Fv2%2Ftags&post=18121"}],"curies":[{"name":"wp","href":"https:\/\/api.w.org\/{rel}","templated":true}]}}