{"id":18177,"date":"2025-07-02T09:43:43","date_gmt":"2025-07-02T08:43:43","guid":{"rendered":"https:\/\/muzeum.ostroleka.pl\/?p=18177"},"modified":"2025-07-02T09:43:43","modified_gmt":"2025-07-02T08:43:43","slug":"zaproszenie-na-wernisaz-wystawy-6","status":"publish","type":"post","link":"https:\/\/muzeum.ostroleka.pl\/?p=18177","title":{"rendered":"Zaproszenie na wernisa\u017c wystawy"},"content":{"rendered":"<p>&nbsp;<\/p>\n<p>&nbsp;<\/p>\n<p style=\"text-align: center;\"><span style=\"font-size: 12pt;\">Dyrektor Muzeum Kultury Kurpiowskiej w Ostro\u0142\u0119ce<\/span><\/p>\n<p style=\"text-align: center;\"><span style=\"font-size: 12pt;\">zaprasza na wernisa\u017c wystawy<\/span><\/p>\n<p>&nbsp;<\/p>\n<p style=\"text-align: center;\"><strong><span style=\"font-size: 24pt;\">\u201eLidia Kulawik. Malarstwo\u201d<\/span><\/strong><\/p>\n<p style=\"text-align: center;\">&nbsp;<\/p>\n<p style=\"text-align: center;\">Wydarzenie odb\u0119dzie si\u0119 9 lipca 2025 r. (\u015broda) o godz. 14.00<br \/>\nw Muzeum Kultury Kurpiowskiej przy Placu gen. J. Bema 8 w Ostro\u0142\u0119ce.<\/p>\n<p>&nbsp;<\/p>\n","protected":false},"excerpt":{"rendered":"<p>&nbsp; &nbsp; Dyrektor Muzeum Kultury Kurpiowskiej w Ostro\u0142\u0119ce zaprasza na wernisa\u017c wystawy &nbsp; \u201eLidia Kulawik. Malarstwo\u201d &nbsp; Wydarzenie odb\u0119dzie si\u0119 9 lipca 2025 r. (\u015broda) o godz. 14.00 w Muzeum Kultury Kurpiowskiej przy Placu gen. J. Bema 8 w Ostro\u0142\u0119ce. &nbsp;<\/p>\n","protected":false},"author":3,"featured_media":18179,"comment_status":"closed","ping_status":"closed","sticky":false,"template":"","format":"standard","meta":{"_acf_changed":false,"_lmt_disableupdate":"","_lmt_disable":"","_monsterinsights_skip_tracking":false,"_monsterinsights_sitenote_active":false,"_monsterinsights_sitenote_note":"","_monsterinsights_sitenote_category":0,"ngg_post_thumbnail":0,"footnotes":""},"categories":[3,74],"tags":[],"class_list":["post-18177","post","type-post","status-publish","format-standard","has-post-thumbnail","hentry","category-aktualnosci","category-wydarzenia"],"acf":[],"modified_by":"Daniel Go\u0142a\u015b","_links":{"self":[{"href":"https:\/\/muzeum.ostroleka.pl\/index.php?rest_route=\/wp\/v2\/posts\/18177","targetHints":{"allow":["GET"]}}],"collection":[{"href":"https:\/\/muzeum.ostroleka.pl\/index.php?rest_route=\/wp\/v2\/posts"}],"about":[{"href":"https:\/\/muzeum.ostroleka.pl\/index.php?rest_route=\/wp\/v2\/types\/post"}],"author":[{"embeddable":true,"href":"https:\/\/muzeum.ostroleka.pl\/index.php?rest_route=\/wp\/v2\/users\/3"}],"replies":[{"embeddable":true,"href":"https:\/\/muzeum.ostroleka.pl\/index.php?rest_route=%2Fwp%2Fv2%2Fcomments&post=18177"}],"version-history":[{"count":2,"href":"https:\/\/muzeum.ostroleka.pl\/index.php?rest_route=\/wp\/v2\/posts\/18177\/revisions"}],"predecessor-version":[{"id":18181,"href":"https:\/\/muzeum.ostroleka.pl\/index.php?rest_route=\/wp\/v2\/posts\/18177\/revisions\/18181"}],"wp:featuredmedia":[{"embeddable":true,"href":"https:\/\/muzeum.ostroleka.pl\/index.php?rest_route=\/wp\/v2\/media\/18179"}],"wp:attachment":[{"href":"https:\/\/muzeum.ostroleka.pl\/index.php?rest_route=%2Fwp%2Fv2%2Fmedia&parent=18177"}],"wp:term":[{"taxonomy":"category","embeddable":true,"href":"https:\/\/muzeum.ostroleka.pl\/index.php?rest_route=%2Fwp%2Fv2%2Fcategories&post=18177"},{"taxonomy":"post_tag","embeddable":true,"href":"https:\/\/muzeum.ostroleka.pl\/index.php?rest_route=%2Fwp%2Fv2%2Ftags&post=18177"}],"curies":[{"name":"wp","href":"https:\/\/api.w.org\/{rel}","templated":true}]}}