{"id":1873,"date":"2019-11-26T12:04:26","date_gmt":"2019-11-26T11:04:26","guid":{"rendered":"http:\/\/muzeum.ostroleka.pl\/?p=1873"},"modified":"2021-11-10T10:15:24","modified_gmt":"2021-11-10T09:15:24","slug":"rodzinna-impreza-ida-swieta-czas-stroic-choinke","status":"publish","type":"post","link":"https:\/\/muzeum.ostroleka.pl\/?p=1873","title":{"rendered":"Rodzinna impreza \u201eId\u0105 \u015bwi\u0119ta \u2013 czas stroi\u0107 choink\u0119\u201d"},"content":{"rendered":"<p style=\"text-align: justify;\">Serdecznie zapraszamy na imprez\u0119 rodzinn\u0105 &#8222;Id\u0105 \u015bwi\u0119ta \u2013 czas stroi\u0107 choink\u0119&#8221;, kt\u00f3ra odb\u0119dzie si\u0119 w niedziel\u0119 8 grudnia 2019 r. w budynku muzeum przy placu gen. J. Bema 8. Pocz\u0105tek wydarzenia o godz. 10.00.<\/p>\n<p style=\"text-align: justify;\">W tym roku przygotowali\u015bmy szereg atrakcji dla naszych go\u015bci, kt\u00f3rzy pod mistrzowskim okiem tw\u00f3rc\u00f3w ludowych wykonaj\u0105 r\u00f3\u017cnorodne, tradycyjne ozdoby choinkowe z bibu\u0142y, papieru i s\u0142omy, a po zako\u0144czonych warsztatach przyozdobi\u0105 nimi \u015bwi\u0105teczne drzewka we w\u0142asnych domach. W\u015br\u00f3d ozd\u00f3b, kt\u00f3re b\u0119dziemy tworzyli znajd\u0105 si\u0119 r\u00f3wnie\u017c wykonywane z op\u0142atka tzw. \u201e\u015bwiaty\u201d. By\u0142y one niegdy\u015b popularnym \u015bwi\u0105tecznym przystrojem, a swoj\u0105 nazw\u0119 zawdzi\u0119czaj\u0105 kulistemu kszta\u0142towi przypominaj\u0105cemu kul\u0119 ziemsk\u0105. Wykonamy r\u00f3wnie\u017c tradycyjne pieczywo obrz\u0119dowe \u2013 &#8222;by\u015bki\u201d i \u201enowe latka&#8221;, a \u017cyczenia bo\u017conarodzeniowe b\u0119dzie mo\u017cna wys\u0142a\u0107 na kartach \u015bwi\u0105tecznych, kt\u00f3re go\u015bcie samodzielnie stworz\u0105 w ramach warsztat\u00f3w. Preferuj\u0105cy nowoczesno\u015b\u0107 b\u0119d\u0105 mogli tworzy\u0107 karty w specjalnej \u201ePoczt\u00f3wkarni\u201d, natomiast w pracowni artystycznej powstan\u0105 stroiki \u015bwi\u0105teczne we wsp\u00f3\u0142czesnym stylu. Wszystkich lubi\u0105cych s\u0142odko\u015bci zapraszamy do muzealnej &#8222;Ciasteczkarni\u201d, w kt\u00f3rej mo\u017cna b\u0119dzie upiec \u015bwi\u0105teczne pierniczki.<\/p>\n","protected":false},"excerpt":{"rendered":"<p>Serdecznie zapraszamy na imprez\u0119 rodzinn\u0105 &#8222;Id\u0105 \u015bwi\u0119ta \u2013 czas stroi\u0107 choink\u0119&#8221;, kt\u00f3ra odb\u0119dzie si\u0119 w niedziel\u0119 8 grudnia 2019 r. w budynku muzeum przy placu gen. J. Bema 8. Pocz\u0105tek wydarzenia o godz. 10.00. W tym roku przygotowali\u015bmy szereg atrakcji dla naszych go\u015bci, kt\u00f3rzy pod mistrzowskim okiem tw\u00f3rc\u00f3w ludowych wykonaj\u0105 r\u00f3\u017cnorodne, tradycyjne ozdoby choinkowe z [&hellip;]<\/p>\n","protected":false},"author":3,"featured_media":1910,"comment_status":"closed","ping_status":"closed","sticky":false,"template":"","format":"standard","meta":{"_acf_changed":false,"_lmt_disableupdate":"","_lmt_disable":"","_monsterinsights_skip_tracking":false,"_monsterinsights_sitenote_active":false,"_monsterinsights_sitenote_note":"","_monsterinsights_sitenote_category":0,"ngg_post_thumbnail":0,"footnotes":""},"categories":[3,19,51],"tags":[],"class_list":["post-1873","post","type-post","status-publish","format-standard","has-post-thumbnail","hentry","category-aktualnosci","category-imprezy-rodzinne","category-wydarzenia-cykliczne"],"acf":[],"modified_by":"Daniel Go\u0142a\u015b","_links":{"self":[{"href":"https:\/\/muzeum.ostroleka.pl\/index.php?rest_route=\/wp\/v2\/posts\/1873","targetHints":{"allow":["GET"]}}],"collection":[{"href":"https:\/\/muzeum.ostroleka.pl\/index.php?rest_route=\/wp\/v2\/posts"}],"about":[{"href":"https:\/\/muzeum.ostroleka.pl\/index.php?rest_route=\/wp\/v2\/types\/post"}],"author":[{"embeddable":true,"href":"https:\/\/muzeum.ostroleka.pl\/index.php?rest_route=\/wp\/v2\/users\/3"}],"replies":[{"embeddable":true,"href":"https:\/\/muzeum.ostroleka.pl\/index.php?rest_route=%2Fwp%2Fv2%2Fcomments&post=1873"}],"version-history":[{"count":5,"href":"https:\/\/muzeum.ostroleka.pl\/index.php?rest_route=\/wp\/v2\/posts\/1873\/revisions"}],"predecessor-version":[{"id":8964,"href":"https:\/\/muzeum.ostroleka.pl\/index.php?rest_route=\/wp\/v2\/posts\/1873\/revisions\/8964"}],"wp:featuredmedia":[{"embeddable":true,"href":"https:\/\/muzeum.ostroleka.pl\/index.php?rest_route=\/wp\/v2\/media\/1910"}],"wp:attachment":[{"href":"https:\/\/muzeum.ostroleka.pl\/index.php?rest_route=%2Fwp%2Fv2%2Fmedia&parent=1873"}],"wp:term":[{"taxonomy":"category","embeddable":true,"href":"https:\/\/muzeum.ostroleka.pl\/index.php?rest_route=%2Fwp%2Fv2%2Fcategories&post=1873"},{"taxonomy":"post_tag","embeddable":true,"href":"https:\/\/muzeum.ostroleka.pl\/index.php?rest_route=%2Fwp%2Fv2%2Ftags&post=1873"}],"curies":[{"name":"wp","href":"https:\/\/api.w.org\/{rel}","templated":true}]}}