{"id":19187,"date":"2026-02-17T10:46:12","date_gmt":"2026-02-17T09:46:12","guid":{"rendered":"https:\/\/muzeum.ostroleka.pl\/?p=19187"},"modified":"2026-02-17T10:46:12","modified_gmt":"2026-02-17T09:46:12","slug":"warsztaty-etnograficzne-wielkanoc-na-kurpiach-3","status":"publish","type":"post","link":"https:\/\/muzeum.ostroleka.pl\/?p=19187","title":{"rendered":"Warsztaty etnograficzne \u201eWielkanoc na Kurpiach\u201d"},"content":{"rendered":"<p style=\"text-align: justify;\">Tradycyjnie przed zbli\u017caj\u0105cymi si\u0119 \u015bwi\u0119tami Zmartwychwstania Pa\u0144skiego zapraszamy grupy zorganizowane do uczestnictwa w dorocznych warsztatach etnograficznych \u201eWielkanoc na Kurpiach\u201d.<\/p>\n<p>Program zaj\u0119\u0107 przybli\u017cy uczestnikom kurpiowskie tradycje i zwyczaje zwi\u0105zane z okresem wielkanocnym. Spotkanie zosta\u0142o zaplanowane w dw\u00f3ch modu\u0142ach: cz\u0119\u015bci wprowadzaj\u0105cej o charakterze teoretycznym oraz warsztatowej cz\u0119\u015bci praktycznej. Podczas pierwszej om\u00f3wimy dawne przygotowania do \u015bwi\u0105t na Kurpiowszczy\u017anie, natomiast w drugiej wsp\u00f3lnie wykonamy tradycyjne palmy wielkanocne lub pisanki oklejane sitowiem i kolorow\u0105 we\u0142n\u0105.<\/p>\n<p>Zaj\u0119cia b\u0119d\u0105 realizowane w terminie od 2 marca do 1 kwietnia 2026 r., od poniedzia\u0142ku do pi\u0105tku, w godzinach 8.00\u201316.00.<\/p>\n<p>\u2022&nbsp; Czas trwania: 60 minut.<br \/>\n\u2022&nbsp; Koszt uczestnictwa: 1 z\u0142 od osoby dla grup obj\u0119tych programem \u201eKulturalna szko\u0142a na Mazowszu\u201d; dla pozosta\u0142ych grup \u2013 12 z\u0142 od osoby.<br \/>\n\u2022&nbsp; Miejsce: Muzeum Kultury Kurpiowskiej w Ostro\u0142\u0119ce, Plac gen. J. Bema 8.<br \/>\n\u2022&nbsp; Obowi\u0105zuje rezerwacja termin\u00f3w pod numerem tel. 29 764 54 43 wew. 43.<\/p>\n","protected":false},"excerpt":{"rendered":"<p>Tradycyjnie przed zbli\u017caj\u0105cymi si\u0119 \u015bwi\u0119tami Zmartwychwstania Pa\u0144skiego zapraszamy grupy zorganizowane do uczestnictwa w dorocznych warsztatach etnograficznych \u201eWielkanoc na Kurpiach\u201d. Program zaj\u0119\u0107 przybli\u017cy uczestnikom kurpiowskie tradycje i zwyczaje zwi\u0105zane z okresem wielkanocnym. Spotkanie zosta\u0142o zaplanowane w dw\u00f3ch modu\u0142ach: cz\u0119\u015bci wprowadzaj\u0105cej o charakterze teoretycznym oraz warsztatowej cz\u0119\u015bci praktycznej. Podczas pierwszej om\u00f3wimy dawne przygotowania do \u015bwi\u0105t na Kurpiowszczy\u017anie, [&hellip;]<\/p>\n","protected":false},"author":3,"featured_media":19186,"comment_status":"closed","ping_status":"closed","sticky":false,"template":"","format":"standard","meta":{"_acf_changed":false,"_lmt_disableupdate":"","_lmt_disable":"","_monsterinsights_skip_tracking":false,"_monsterinsights_sitenote_active":false,"_monsterinsights_sitenote_note":"","_monsterinsights_sitenote_category":0,"ngg_post_thumbnail":0,"footnotes":""},"categories":[3,51],"tags":[],"class_list":["post-19187","post","type-post","status-publish","format-standard","has-post-thumbnail","hentry","category-aktualnosci","category-wydarzenia-cykliczne"],"acf":[],"modified_by":"Daniel Go\u0142a\u015b","_links":{"self":[{"href":"https:\/\/muzeum.ostroleka.pl\/index.php?rest_route=\/wp\/v2\/posts\/19187","targetHints":{"allow":["GET"]}}],"collection":[{"href":"https:\/\/muzeum.ostroleka.pl\/index.php?rest_route=\/wp\/v2\/posts"}],"about":[{"href":"https:\/\/muzeum.ostroleka.pl\/index.php?rest_route=\/wp\/v2\/types\/post"}],"author":[{"embeddable":true,"href":"https:\/\/muzeum.ostroleka.pl\/index.php?rest_route=\/wp\/v2\/users\/3"}],"replies":[{"embeddable":true,"href":"https:\/\/muzeum.ostroleka.pl\/index.php?rest_route=%2Fwp%2Fv2%2Fcomments&post=19187"}],"version-history":[{"count":1,"href":"https:\/\/muzeum.ostroleka.pl\/index.php?rest_route=\/wp\/v2\/posts\/19187\/revisions"}],"predecessor-version":[{"id":19188,"href":"https:\/\/muzeum.ostroleka.pl\/index.php?rest_route=\/wp\/v2\/posts\/19187\/revisions\/19188"}],"wp:featuredmedia":[{"embeddable":true,"href":"https:\/\/muzeum.ostroleka.pl\/index.php?rest_route=\/wp\/v2\/media\/19186"}],"wp:attachment":[{"href":"https:\/\/muzeum.ostroleka.pl\/index.php?rest_route=%2Fwp%2Fv2%2Fmedia&parent=19187"}],"wp:term":[{"taxonomy":"category","embeddable":true,"href":"https:\/\/muzeum.ostroleka.pl\/index.php?rest_route=%2Fwp%2Fv2%2Fcategories&post=19187"},{"taxonomy":"post_tag","embeddable":true,"href":"https:\/\/muzeum.ostroleka.pl\/index.php?rest_route=%2Fwp%2Fv2%2Ftags&post=19187"}],"curies":[{"name":"wp","href":"https:\/\/api.w.org\/{rel}","templated":true}]}}