{"id":19190,"date":"2026-02-18T12:52:17","date_gmt":"2026-02-18T11:52:17","guid":{"rendered":"https:\/\/muzeum.ostroleka.pl\/?p=19190"},"modified":"2026-02-18T13:49:47","modified_gmt":"2026-02-18T12:49:47","slug":"zapraszamy-na-spotkanie-halina-witkowska-tworczynia-ludowa-z-puszczy-bialej","status":"publish","type":"post","link":"https:\/\/muzeum.ostroleka.pl\/?p=19190","title":{"rendered":"Zapraszamy na spotkanie Halina Witkowsk\u0105 \u2013 tw\u00f3rczyni\u0105 ludow\u0105 z Puszczy Bia\u0142ej"},"content":{"rendered":"<p style=\"text-align: justify;\">Zapraszamy na kolejne spotkanie&nbsp; z cyklu \u201eW niedziel\u0119 po ko\u015bciele\u201d. Tym razem naszym go\u015bciem b\u0119dzie tw\u00f3rczyni kurpiowska z miejscowo\u015bci Lemany na terenie Puszczy Bia\u0142ej \u2013 pani Halina Witkowska. Tw\u00f3rczyni od dzieci\u0144stwa zajmuje si\u0119 plastyk\u0105 obrz\u0119dow\u0105. Obecnie popularyzuje bia\u0142opuszcza\u0144sk\u0105 tradycj\u0119, pe\u0142ni funkcj\u0119 przewodniczki w Ku\u017ani Kurpiowskiej w Pniewie oraz wsp\u00f3\u0142pracuje z instytucjami kultury. Jest prezesk\u0105 Stowarzyszenia \u201ePuszcza Bia\u0142a \u2013 Moja Ma\u0142a Ojczyzna\u201d oraz laureatk\u0105 wielu konkurs\u00f3w i nagr\u00f3d, m.in. Nagrody Oskara Kolberga (2018), Nagrody Marsza\u0142ka Wojew\u00f3dztwa Mazowieckiego (2019) czy \u201eKurpika\u201d \u2013 Nagrody Prezesa Zwi\u0105zku Kurpi\u00f3w (2013). W ubieg\u0142ym roku pani Halina Witkowska otrzyma\u0142a odznak\u0119 honorow\u0105 \u201eZas\u0142u\u017cony dla Kultury Polskiej\u201d.<\/p>\n<p>\u2022&nbsp; Termin: 1 marca 2026 r.<br \/>\n\u2022&nbsp; Godzina: 13:00.<br \/>\n\u2022&nbsp; Miejsce: Muzeum Kultury Kurpiowskiej w Ostro\u0142\u0119ce, Plac gen. J. Bema 8.<br \/>\n\u2022&nbsp; Wst\u0119p wolny.<\/p>\n<p>Serdecznie zapraszamy!<\/p>\n<p>&nbsp;<\/p>\n<p>&nbsp;<\/p>\n","protected":false},"excerpt":{"rendered":"<p>Zapraszamy na kolejne spotkanie&nbsp; z cyklu \u201eW niedziel\u0119 po ko\u015bciele\u201d. Tym razem naszym go\u015bciem b\u0119dzie tw\u00f3rczyni kurpiowska z miejscowo\u015bci Lemany na terenie Puszczy Bia\u0142ej \u2013 pani Halina Witkowska. Tw\u00f3rczyni od dzieci\u0144stwa zajmuje si\u0119 plastyk\u0105 obrz\u0119dow\u0105. Obecnie popularyzuje bia\u0142opuszcza\u0144sk\u0105 tradycj\u0119, pe\u0142ni funkcj\u0119 przewodniczki w Ku\u017ani Kurpiowskiej w Pniewie oraz wsp\u00f3\u0142pracuje z instytucjami kultury. Jest prezesk\u0105 Stowarzyszenia [&hellip;]<\/p>\n","protected":false},"author":3,"featured_media":19192,"comment_status":"closed","ping_status":"closed","sticky":false,"template":"","format":"standard","meta":{"_acf_changed":false,"_lmt_disableupdate":"no","_lmt_disable":"no","_monsterinsights_skip_tracking":false,"_monsterinsights_sitenote_active":false,"_monsterinsights_sitenote_note":"","_monsterinsights_sitenote_category":0,"ngg_post_thumbnail":0,"footnotes":""},"categories":[3,51],"tags":[],"class_list":["post-19190","post","type-post","status-publish","format-standard","has-post-thumbnail","hentry","category-aktualnosci","category-wydarzenia-cykliczne"],"acf":[],"modified_by":"Daniel Go\u0142a\u015b","_links":{"self":[{"href":"https:\/\/muzeum.ostroleka.pl\/index.php?rest_route=\/wp\/v2\/posts\/19190","targetHints":{"allow":["GET"]}}],"collection":[{"href":"https:\/\/muzeum.ostroleka.pl\/index.php?rest_route=\/wp\/v2\/posts"}],"about":[{"href":"https:\/\/muzeum.ostroleka.pl\/index.php?rest_route=\/wp\/v2\/types\/post"}],"author":[{"embeddable":true,"href":"https:\/\/muzeum.ostroleka.pl\/index.php?rest_route=\/wp\/v2\/users\/3"}],"replies":[{"embeddable":true,"href":"https:\/\/muzeum.ostroleka.pl\/index.php?rest_route=%2Fwp%2Fv2%2Fcomments&post=19190"}],"version-history":[{"count":6,"href":"https:\/\/muzeum.ostroleka.pl\/index.php?rest_route=\/wp\/v2\/posts\/19190\/revisions"}],"predecessor-version":[{"id":19198,"href":"https:\/\/muzeum.ostroleka.pl\/index.php?rest_route=\/wp\/v2\/posts\/19190\/revisions\/19198"}],"wp:featuredmedia":[{"embeddable":true,"href":"https:\/\/muzeum.ostroleka.pl\/index.php?rest_route=\/wp\/v2\/media\/19192"}],"wp:attachment":[{"href":"https:\/\/muzeum.ostroleka.pl\/index.php?rest_route=%2Fwp%2Fv2%2Fmedia&parent=19190"}],"wp:term":[{"taxonomy":"category","embeddable":true,"href":"https:\/\/muzeum.ostroleka.pl\/index.php?rest_route=%2Fwp%2Fv2%2Fcategories&post=19190"},{"taxonomy":"post_tag","embeddable":true,"href":"https:\/\/muzeum.ostroleka.pl\/index.php?rest_route=%2Fwp%2Fv2%2Ftags&post=19190"}],"curies":[{"name":"wp","href":"https:\/\/api.w.org\/{rel}","templated":true}]}}