{"id":19200,"date":"2026-02-24T10:36:32","date_gmt":"2026-02-24T09:36:32","guid":{"rendered":"https:\/\/muzeum.ostroleka.pl\/?p=19200"},"modified":"2026-03-03T08:26:09","modified_gmt":"2026-03-03T07:26:09","slug":"muzeum-kultury-kurpiowskiej-otrzymalo-dofinansowanie-z-mkidn","status":"publish","type":"post","link":"https:\/\/muzeum.ostroleka.pl\/?p=19200","title":{"rendered":"Muzeum Kultury Kurpiowskiej otrzyma\u0142o dofinansowanie z MKiDN"},"content":{"rendered":"<p style=\"text-align: justify;\">Mamy dobre wiadomo\u015bci!<\/p>\n<p style=\"text-align: justify;\">Muzeum Kultury Kurpiowskiej w Ostro\u0142\u0119ce otrzyma\u0142o dofinansowanie w wysoko\u015bci 30 000 z\u0142 z Ministerstwa Kultury i Dziedzictwa Narodowego w ramach programu \u201eKultura ludowa i tradycyjna\u201d na realizacj\u0119 projektu \u201eMagia ozd\u00f3b sufitowych \u2013 projekt wystawienniczo-edukacyjny\u201d. W ramach zadania zostanie przygotowana wystawa czasowa pt. \u201eMagia ozd\u00f3b sufitowych\u201d, cykl warsztat\u00f3w prowadzonych przez tw\u00f3rc\u00f3w ludowych oraz konkurs na tradycyjny kierec lub paj\u0105k kurpiowski.<\/p>\n<p style=\"text-align: justify;\">Dofinansowano ze \u015brodk\u00f3w Ministra Kultury i Dziedzictwa Narodowego pochodz\u0105cych z Funduszu Promocji Kultury. Wk\u0142ad w\u0142asny do projektu zostanie pokryty z bud\u017cetu Samorz\u0105du Wojew\u00f3dztwa Mazowieckiego.<\/p>\n<p style=\"text-align: justify;\">Dzi\u0119kujemy za wsparcie i ju\u017c teraz zapraszamy do \u015bledzenia naszych dzia\u0142a\u0144!<\/p>\n<p>&nbsp;<\/p>\n<p><span style=\"font-size: 12pt;\"><em>Ilustracja tytu\u0142owa: Kierec, Genowefa Sta\u015bkiewicz, Strza\u0142ki, nr inw. MKK\/E\/6291.<\/em><\/span><\/p>\n<p><img loading=\"lazy\" decoding=\"async\" class=\"size-medium wp-image-17652 alignleft\" src=\"http:\/\/muzeum.ostroleka.pl\/wp-content\/uploads\/2025\/03\/logo-marki-Mazowsze-300x300.png\" alt=\"Logo marki Mazowsze\" width=\"300\" height=\"300\" srcset=\"https:\/\/muzeum.ostroleka.pl\/wp-content\/uploads\/2025\/03\/logo-marki-Mazowsze-300x300.png 300w, https:\/\/muzeum.ostroleka.pl\/wp-content\/uploads\/2025\/03\/logo-marki-Mazowsze-150x150.png 150w, https:\/\/muzeum.ostroleka.pl\/wp-content\/uploads\/2025\/03\/logo-marki-Mazowsze-768x768.png 768w, https:\/\/muzeum.ostroleka.pl\/wp-content\/uploads\/2025\/03\/logo-marki-Mazowsze-450x450.png 450w, https:\/\/muzeum.ostroleka.pl\/wp-content\/uploads\/2025\/03\/logo-marki-Mazowsze.png 800w\" sizes=\"auto, (max-width: 300px) 100vw, 300px\" \/> <img loading=\"lazy\" decoding=\"async\" class=\"size-medium wp-image-17651 alignright\" src=\"http:\/\/muzeum.ostroleka.pl\/wp-content\/uploads\/2025\/03\/logo-MKiDN-300x300.png\" alt=\"logo MKiDN\" width=\"300\" height=\"300\" srcset=\"https:\/\/muzeum.ostroleka.pl\/wp-content\/uploads\/2025\/03\/logo-MKiDN-300x300.png 300w, https:\/\/muzeum.ostroleka.pl\/wp-content\/uploads\/2025\/03\/logo-MKiDN-150x150.png 150w, https:\/\/muzeum.ostroleka.pl\/wp-content\/uploads\/2025\/03\/logo-MKiDN-768x768.png 768w, https:\/\/muzeum.ostroleka.pl\/wp-content\/uploads\/2025\/03\/logo-MKiDN-450x450.png 450w, https:\/\/muzeum.ostroleka.pl\/wp-content\/uploads\/2025\/03\/logo-MKiDN.png 800w\" sizes=\"auto, (max-width: 300px) 100vw, 300px\" \/><\/p>\n","protected":false},"excerpt":{"rendered":"<p>Mamy dobre wiadomo\u015bci! Muzeum Kultury Kurpiowskiej w Ostro\u0142\u0119ce otrzyma\u0142o dofinansowanie w wysoko\u015bci 30 000 z\u0142 z Ministerstwa Kultury i Dziedzictwa Narodowego w ramach programu \u201eKultura ludowa i tradycyjna\u201d na realizacj\u0119 projektu \u201eMagia ozd\u00f3b sufitowych \u2013 projekt wystawienniczo-edukacyjny\u201d. W ramach zadania zostanie przygotowana wystawa czasowa pt. \u201eMagia ozd\u00f3b sufitowych\u201d, cykl warsztat\u00f3w prowadzonych przez tw\u00f3rc\u00f3w ludowych oraz [&hellip;]<\/p>\n","protected":false},"author":3,"featured_media":19201,"comment_status":"closed","ping_status":"closed","sticky":false,"template":"","format":"standard","meta":{"_acf_changed":false,"_lmt_disableupdate":"no","_lmt_disable":"no","_monsterinsights_skip_tracking":false,"_monsterinsights_sitenote_active":false,"_monsterinsights_sitenote_note":"","_monsterinsights_sitenote_category":0,"ngg_post_thumbnail":0,"footnotes":""},"categories":[3],"tags":[],"class_list":["post-19200","post","type-post","status-publish","format-standard","has-post-thumbnail","hentry","category-aktualnosci"],"acf":[],"modified_by":"Daniel Go\u0142a\u015b","_links":{"self":[{"href":"https:\/\/muzeum.ostroleka.pl\/index.php?rest_route=\/wp\/v2\/posts\/19200","targetHints":{"allow":["GET"]}}],"collection":[{"href":"https:\/\/muzeum.ostroleka.pl\/index.php?rest_route=\/wp\/v2\/posts"}],"about":[{"href":"https:\/\/muzeum.ostroleka.pl\/index.php?rest_route=\/wp\/v2\/types\/post"}],"author":[{"embeddable":true,"href":"https:\/\/muzeum.ostroleka.pl\/index.php?rest_route=\/wp\/v2\/users\/3"}],"replies":[{"embeddable":true,"href":"https:\/\/muzeum.ostroleka.pl\/index.php?rest_route=%2Fwp%2Fv2%2Fcomments&post=19200"}],"version-history":[{"count":8,"href":"https:\/\/muzeum.ostroleka.pl\/index.php?rest_route=\/wp\/v2\/posts\/19200\/revisions"}],"predecessor-version":[{"id":19242,"href":"https:\/\/muzeum.ostroleka.pl\/index.php?rest_route=\/wp\/v2\/posts\/19200\/revisions\/19242"}],"wp:featuredmedia":[{"embeddable":true,"href":"https:\/\/muzeum.ostroleka.pl\/index.php?rest_route=\/wp\/v2\/media\/19201"}],"wp:attachment":[{"href":"https:\/\/muzeum.ostroleka.pl\/index.php?rest_route=%2Fwp%2Fv2%2Fmedia&parent=19200"}],"wp:term":[{"taxonomy":"category","embeddable":true,"href":"https:\/\/muzeum.ostroleka.pl\/index.php?rest_route=%2Fwp%2Fv2%2Fcategories&post=19200"},{"taxonomy":"post_tag","embeddable":true,"href":"https:\/\/muzeum.ostroleka.pl\/index.php?rest_route=%2Fwp%2Fv2%2Ftags&post=19200"}],"curies":[{"name":"wp","href":"https:\/\/api.w.org\/{rel}","templated":true}]}}