{"id":19214,"date":"2026-02-25T13:14:47","date_gmt":"2026-02-25T12:14:47","guid":{"rendered":"https:\/\/muzeum.ostroleka.pl\/?p=19214"},"modified":"2026-02-25T13:14:47","modified_gmt":"2026-02-25T12:14:47","slug":"195-rocznica-bitwy-pod-olszynka-grochowska","status":"publish","type":"post","link":"https:\/\/muzeum.ostroleka.pl\/?p=19214","title":{"rendered":"195. rocznica bitwy pod Olszynk\u0105 Grochowsk\u0105"},"content":{"rendered":"<p style=\"text-align: justify;\">Dzi\u015b obchodzimy 195. rocznic\u0119 bitwy grochowskiej z 25 lutego 1831 r. By\u0142a ona kulminacyjnym momentem star\u0107 trwaj\u0105cych od kilku dni (z przerwami) pod Warszaw\u0105. Jej najs\u0142ynniejszym epizodem by\u0142y walki o tzw. Olszynk\u0119 Grochowsk\u0105. Si\u0142y walcz\u0105cych nie by\u0142y r\u00f3wne. W\u00f3dz rosyjski \u2013 feldmarsza\u0142ek Dybicz \u2013 dysponowa\u0142 ok. 59 tys. \u017co\u0142nierzy. Wojsko powsta\u0144cze by\u0142o mniej liczne \u2013 ok. 36 tys. bagnet\u00f3w i szabel. Mimo dysproporcji si\u0142 Rosjanie nie osi\u0105gn\u0119li swoich cel\u00f3w. Nie uda\u0142o si\u0119 zdoby\u0107 Warszawy, a armia polska nie zosta\u0142a zniszczona.<\/p>\n<p style=\"text-align: justify;\">W lutowych walkach w obronie stolicy brali udzia\u0142 tak\u017ce Kurpie. 24 lutego pod Bia\u0142o\u0142\u0119k\u0105 stoj\u0105cy w rezerwie strzelcy Franciszka Kochanowskiego przyczynili si\u0119 do utrzymania pozycji przez piechot\u0119 gen. Kazimierza Ma\u0142achowskiego. Genera\u0142 Wojciech Chrzanowski pisa\u0142 o tym tak:<br \/>\n\u201eW tej krytycznej chwili dzielny genera\u0142 Ma\u0142achowski, przebiegaj\u0105cy ci\u0105gle linie walcz\u0105cych, chwyta z rezerwy batalion Kurpi\u00f3w i prowadzi go do wsi. Tym szczup\u0142ym posi\u0142kiem o\u017cywieni Polacy zdobywaj\u0105 bagnetem utracone stanowiska i wypieraj\u0105 zupe\u0142nie nieprzyjaciela z Bia\u0142o\u0142\u0119ki\u201d.<\/p>\n<p style=\"text-align: justify;\">Za udzia\u0142 w tej batalii Roch Olszewski \u2013 jeden ze strzelc\u00f3w \u2013 otrzyma\u0142 Order Virtuti Militari.<\/p>\n<p>&nbsp;<\/p>\n<p>Zach\u0119camy do obejrzenia poni\u017cszego materia\u0142u wideo, w kt\u00f3rym pracownik MKK Krzysztof Augustyniak opowiada o bitwie pod Grochowem.<\/p>\n<p>&nbsp;<\/p>\n<p><iframe loading=\"lazy\" title=\"Wyk\u0142ad \u201eBitwa pod Olszynk\u0105 Grochowsk\u0105\u201d\" width=\"500\" height=\"281\" src=\"https:\/\/www.youtube.com\/embed\/XEkgH8MwabQ?feature=oembed\" frameborder=\"0\" allow=\"accelerometer; autoplay; clipboard-write; encrypted-media; gyroscope; picture-in-picture; web-share\" referrerpolicy=\"strict-origin-when-cross-origin\" allowfullscreen><\/iframe><\/p>\n","protected":false},"excerpt":{"rendered":"<p>Dzi\u015b obchodzimy 195. rocznic\u0119 bitwy grochowskiej z 25 lutego 1831 r. By\u0142a ona kulminacyjnym momentem star\u0107 trwaj\u0105cych od kilku dni (z przerwami) pod Warszaw\u0105. Jej najs\u0142ynniejszym epizodem by\u0142y walki o tzw. Olszynk\u0119 Grochowsk\u0105. Si\u0142y walcz\u0105cych nie by\u0142y r\u00f3wne. W\u00f3dz rosyjski \u2013 feldmarsza\u0142ek Dybicz \u2013 dysponowa\u0142 ok. 59 tys. \u017co\u0142nierzy. Wojsko powsta\u0144cze by\u0142o mniej liczne \u2013 [&hellip;]<\/p>\n","protected":false},"author":3,"featured_media":19215,"comment_status":"closed","ping_status":"closed","sticky":false,"template":"","format":"standard","meta":{"_acf_changed":false,"_lmt_disableupdate":"","_lmt_disable":"","_monsterinsights_skip_tracking":false,"_monsterinsights_sitenote_active":false,"_monsterinsights_sitenote_note":"","_monsterinsights_sitenote_category":0,"ngg_post_thumbnail":0,"footnotes":""},"categories":[3],"tags":[],"class_list":["post-19214","post","type-post","status-publish","format-standard","has-post-thumbnail","hentry","category-aktualnosci"],"acf":[],"modified_by":"Daniel Go\u0142a\u015b","_links":{"self":[{"href":"https:\/\/muzeum.ostroleka.pl\/index.php?rest_route=\/wp\/v2\/posts\/19214","targetHints":{"allow":["GET"]}}],"collection":[{"href":"https:\/\/muzeum.ostroleka.pl\/index.php?rest_route=\/wp\/v2\/posts"}],"about":[{"href":"https:\/\/muzeum.ostroleka.pl\/index.php?rest_route=\/wp\/v2\/types\/post"}],"author":[{"embeddable":true,"href":"https:\/\/muzeum.ostroleka.pl\/index.php?rest_route=\/wp\/v2\/users\/3"}],"replies":[{"embeddable":true,"href":"https:\/\/muzeum.ostroleka.pl\/index.php?rest_route=%2Fwp%2Fv2%2Fcomments&post=19214"}],"version-history":[{"count":1,"href":"https:\/\/muzeum.ostroleka.pl\/index.php?rest_route=\/wp\/v2\/posts\/19214\/revisions"}],"predecessor-version":[{"id":19216,"href":"https:\/\/muzeum.ostroleka.pl\/index.php?rest_route=\/wp\/v2\/posts\/19214\/revisions\/19216"}],"wp:featuredmedia":[{"embeddable":true,"href":"https:\/\/muzeum.ostroleka.pl\/index.php?rest_route=\/wp\/v2\/media\/19215"}],"wp:attachment":[{"href":"https:\/\/muzeum.ostroleka.pl\/index.php?rest_route=%2Fwp%2Fv2%2Fmedia&parent=19214"}],"wp:term":[{"taxonomy":"category","embeddable":true,"href":"https:\/\/muzeum.ostroleka.pl\/index.php?rest_route=%2Fwp%2Fv2%2Fcategories&post=19214"},{"taxonomy":"post_tag","embeddable":true,"href":"https:\/\/muzeum.ostroleka.pl\/index.php?rest_route=%2Fwp%2Fv2%2Ftags&post=19214"}],"curies":[{"name":"wp","href":"https:\/\/api.w.org\/{rel}","templated":true}]}}