{"id":19217,"date":"2026-02-26T11:37:20","date_gmt":"2026-02-26T10:37:20","guid":{"rendered":"https:\/\/muzeum.ostroleka.pl\/?p=19217"},"modified":"2026-02-26T11:37:20","modified_gmt":"2026-02-26T10:37:20","slug":"zapraszamy-do-udzialu-w-rodzinnym-spotkaniu-tworczym-2","status":"publish","type":"post","link":"https:\/\/muzeum.ostroleka.pl\/?p=19217","title":{"rendered":"Zapraszamy do udzia\u0142u w rodzinnym spotkaniu tw\u00f3rczym"},"content":{"rendered":"<p style=\"text-align: justify;\">Zapraszamy na wyj\u0105tkowe rodzinne spotkanie tw\u00f3rcze z cyklu \u201eNiedziela w Muzeum\u201d. B\u0119dzie to pachn\u0105ce wiosn\u0105 spotkanie podczas kt\u00f3rego go\u015bcie wraz z muzealnikami stworz\u0105 wianki pe\u0142ne kolor\u00f3w i kwiat\u00f3w.<br \/>\nTo idealna okazja, by na chwil\u0119 si\u0119 zatrzyma\u0107 i zrelaksowa\u0107 przy tw\u00f3rczej pracy. Ka\u017cdy uczestnik wyjdzie z w\u0142asnor\u0119cznie wykonanym wiankiem oraz u\u015bmiechem na twarzy.<\/p>\n<p style=\"text-align: justify;\">\u2022&nbsp; Spotkanie odb\u0119dzie si\u0119 8 marca 2026 r. o godzinie 11.00 w budynku MKK przy Placu gen. J. Bema 8 w Ostro\u0142\u0119ce.<br \/>\n\u2022&nbsp; Obowi\u0105zuj\u0105 zapisy pod numerem tel. 29 764 54 43 wew. 43.<br \/>\n\u2022&nbsp; Liczba miejsc jest ograniczona.<br \/>\n\u2022&nbsp; Wst\u0119p: 15 z\u0142 od osoby.&nbsp;<\/p>\n","protected":false},"excerpt":{"rendered":"<p>Zapraszamy na wyj\u0105tkowe rodzinne spotkanie tw\u00f3rcze z cyklu \u201eNiedziela w Muzeum\u201d. B\u0119dzie to pachn\u0105ce wiosn\u0105 spotkanie podczas kt\u00f3rego go\u015bcie wraz z muzealnikami stworz\u0105 wianki pe\u0142ne kolor\u00f3w i kwiat\u00f3w. To idealna okazja, by na chwil\u0119 si\u0119 zatrzyma\u0107 i zrelaksowa\u0107 przy tw\u00f3rczej pracy. Ka\u017cdy uczestnik wyjdzie z w\u0142asnor\u0119cznie wykonanym wiankiem oraz u\u015bmiechem na twarzy. \u2022&nbsp; Spotkanie odb\u0119dzie [&hellip;]<\/p>\n","protected":false},"author":3,"featured_media":19213,"comment_status":"closed","ping_status":"closed","sticky":false,"template":"","format":"standard","meta":{"_acf_changed":false,"_lmt_disableupdate":"","_lmt_disable":"","_monsterinsights_skip_tracking":false,"_monsterinsights_sitenote_active":false,"_monsterinsights_sitenote_note":"","_monsterinsights_sitenote_category":0,"ngg_post_thumbnail":0,"footnotes":""},"categories":[3,51],"tags":[],"class_list":["post-19217","post","type-post","status-publish","format-standard","has-post-thumbnail","hentry","category-aktualnosci","category-wydarzenia-cykliczne"],"acf":[],"modified_by":"Daniel Go\u0142a\u015b","_links":{"self":[{"href":"https:\/\/muzeum.ostroleka.pl\/index.php?rest_route=\/wp\/v2\/posts\/19217","targetHints":{"allow":["GET"]}}],"collection":[{"href":"https:\/\/muzeum.ostroleka.pl\/index.php?rest_route=\/wp\/v2\/posts"}],"about":[{"href":"https:\/\/muzeum.ostroleka.pl\/index.php?rest_route=\/wp\/v2\/types\/post"}],"author":[{"embeddable":true,"href":"https:\/\/muzeum.ostroleka.pl\/index.php?rest_route=\/wp\/v2\/users\/3"}],"replies":[{"embeddable":true,"href":"https:\/\/muzeum.ostroleka.pl\/index.php?rest_route=%2Fwp%2Fv2%2Fcomments&post=19217"}],"version-history":[{"count":1,"href":"https:\/\/muzeum.ostroleka.pl\/index.php?rest_route=\/wp\/v2\/posts\/19217\/revisions"}],"predecessor-version":[{"id":19218,"href":"https:\/\/muzeum.ostroleka.pl\/index.php?rest_route=\/wp\/v2\/posts\/19217\/revisions\/19218"}],"wp:featuredmedia":[{"embeddable":true,"href":"https:\/\/muzeum.ostroleka.pl\/index.php?rest_route=\/wp\/v2\/media\/19213"}],"wp:attachment":[{"href":"https:\/\/muzeum.ostroleka.pl\/index.php?rest_route=%2Fwp%2Fv2%2Fmedia&parent=19217"}],"wp:term":[{"taxonomy":"category","embeddable":true,"href":"https:\/\/muzeum.ostroleka.pl\/index.php?rest_route=%2Fwp%2Fv2%2Fcategories&post=19217"},{"taxonomy":"post_tag","embeddable":true,"href":"https:\/\/muzeum.ostroleka.pl\/index.php?rest_route=%2Fwp%2Fv2%2Ftags&post=19217"}],"curies":[{"name":"wp","href":"https:\/\/api.w.org\/{rel}","templated":true}]}}