{"id":19219,"date":"2026-02-27T10:17:33","date_gmt":"2026-02-27T09:17:33","guid":{"rendered":"https:\/\/muzeum.ostroleka.pl\/?p=19219"},"modified":"2026-02-27T10:18:57","modified_gmt":"2026-02-27T09:18:57","slug":"trwa-rozbudowa-zagrody-kurpiowskiej-w-kadzidle","status":"publish","type":"post","link":"https:\/\/muzeum.ostroleka.pl\/?p=19219","title":{"rendered":"Trwa rozbudowa Zagrody Kurpiowskiej w Kadzidle"},"content":{"rendered":"<div class=\"xdj266r x14z9mp xat24cr x1lziwak x1vvkbs x126k92a\">\n<div dir=\"auto\">Mimo zimowej aury rozbudowa Zagrody Kurpiowskiej w Kadzidle dynamicznie posuwa si\u0119 do przodu. Ju\u017c nied\u0142ugo nasi go\u015bcie b\u0119d\u0105 mogli korzysta\u0107 z wiaty grillowej, widowni, strefy zabaw dla dzieci, a muzealne eksponaty zyskaj\u0105 wiat\u0119 i pawilon wystawienniczy.<\/div>\n<\/div>\n<div class=\"x14z9mp xat24cr x1lziwak x1vvkbs xtlvy1s x126k92a\">\n<div dir=\"auto\">&nbsp;<\/div>\n<div dir=\"auto\">Zadanie realizowane ze \u015brodk\u00f3w Samorz\u0105du Wojew\u00f3dztwa Mazowieckiego.<\/div>\n<\/div>\n<div dir=\"auto\"><img loading=\"lazy\" decoding=\"async\" class=\"alignleft size-medium wp-image-11199\" src=\"http:\/\/muzeum.ostroleka.pl\/wp-content\/uploads\/2022\/06\/logo_Mazowsze-serce-Polski-300x202.jpg\" alt=\"Logo Marki Mazowsze\" width=\"300\" height=\"202\" srcset=\"https:\/\/muzeum.ostroleka.pl\/wp-content\/uploads\/2022\/06\/logo_Mazowsze-serce-Polski-300x202.jpg 300w, https:\/\/muzeum.ostroleka.pl\/wp-content\/uploads\/2022\/06\/logo_Mazowsze-serce-Polski-1024x688.jpg 1024w, https:\/\/muzeum.ostroleka.pl\/wp-content\/uploads\/2022\/06\/logo_Mazowsze-serce-Polski-768x516.jpg 768w, https:\/\/muzeum.ostroleka.pl\/wp-content\/uploads\/2022\/06\/logo_Mazowsze-serce-Polski-500x336.jpg 500w, https:\/\/muzeum.ostroleka.pl\/wp-content\/uploads\/2022\/06\/logo_Mazowsze-serce-Polski.jpg 1200w\" sizes=\"auto, (max-width: 300px) 100vw, 300px\" \/><\/div>\n<div dir=\"auto\">&nbsp;<\/div>\n<p>&nbsp;<\/p>\n<p>&nbsp;<\/p>\n<p>&nbsp;<\/p>\n<div dir=\"auto\">ngg_shortcode_0_placeholder<\/div>\n","protected":false},"excerpt":{"rendered":"<p>Mimo zimowej aury rozbudowa Zagrody Kurpiowskiej w Kadzidle dynamicznie posuwa si\u0119 do przodu. Ju\u017c nied\u0142ugo nasi go\u015bcie b\u0119d\u0105 mogli korzysta\u0107 z wiaty grillowej, widowni, strefy zabaw dla dzieci, a muzealne eksponaty zyskaj\u0105 wiat\u0119 i pawilon wystawienniczy. &nbsp; Zadanie realizowane ze \u015brodk\u00f3w Samorz\u0105du Wojew\u00f3dztwa Mazowieckiego. &nbsp; &nbsp; &nbsp; &nbsp;<\/p>\n","protected":false},"author":3,"featured_media":19220,"comment_status":"closed","ping_status":"closed","sticky":false,"template":"","format":"standard","meta":{"_acf_changed":false,"_lmt_disableupdate":"no","_lmt_disable":"no","_monsterinsights_skip_tracking":false,"_monsterinsights_sitenote_active":false,"_monsterinsights_sitenote_note":"","_monsterinsights_sitenote_category":0,"ngg_post_thumbnail":0,"footnotes":""},"categories":[3],"tags":[],"class_list":["post-19219","post","type-post","status-publish","format-standard","has-post-thumbnail","hentry","category-aktualnosci"],"acf":[],"modified_by":"Daniel Go\u0142a\u015b","_links":{"self":[{"href":"https:\/\/muzeum.ostroleka.pl\/index.php?rest_route=\/wp\/v2\/posts\/19219","targetHints":{"allow":["GET"]}}],"collection":[{"href":"https:\/\/muzeum.ostroleka.pl\/index.php?rest_route=\/wp\/v2\/posts"}],"about":[{"href":"https:\/\/muzeum.ostroleka.pl\/index.php?rest_route=\/wp\/v2\/types\/post"}],"author":[{"embeddable":true,"href":"https:\/\/muzeum.ostroleka.pl\/index.php?rest_route=\/wp\/v2\/users\/3"}],"replies":[{"embeddable":true,"href":"https:\/\/muzeum.ostroleka.pl\/index.php?rest_route=%2Fwp%2Fv2%2Fcomments&post=19219"}],"version-history":[{"count":3,"href":"https:\/\/muzeum.ostroleka.pl\/index.php?rest_route=\/wp\/v2\/posts\/19219\/revisions"}],"predecessor-version":[{"id":19232,"href":"https:\/\/muzeum.ostroleka.pl\/index.php?rest_route=\/wp\/v2\/posts\/19219\/revisions\/19232"}],"wp:featuredmedia":[{"embeddable":true,"href":"https:\/\/muzeum.ostroleka.pl\/index.php?rest_route=\/wp\/v2\/media\/19220"}],"wp:attachment":[{"href":"https:\/\/muzeum.ostroleka.pl\/index.php?rest_route=%2Fwp%2Fv2%2Fmedia&parent=19219"}],"wp:term":[{"taxonomy":"category","embeddable":true,"href":"https:\/\/muzeum.ostroleka.pl\/index.php?rest_route=%2Fwp%2Fv2%2Fcategories&post=19219"},{"taxonomy":"post_tag","embeddable":true,"href":"https:\/\/muzeum.ostroleka.pl\/index.php?rest_route=%2Fwp%2Fv2%2Ftags&post=19219"}],"curies":[{"name":"wp","href":"https:\/\/api.w.org\/{rel}","templated":true}]}}