{"id":19235,"date":"2026-03-02T13:37:30","date_gmt":"2026-03-02T12:37:30","guid":{"rendered":"https:\/\/muzeum.ostroleka.pl\/?p=19235"},"modified":"2026-03-02T13:38:06","modified_gmt":"2026-03-02T12:38:06","slug":"ido-swenta-zelgejnocy-rodzinnie-i-po-kurpiowsku","status":"publish","type":"post","link":"https:\/\/muzeum.ostroleka.pl\/?p=19235","title":{"rendered":"\u201eIdo \u015awenta \u0179elgejnocy\u201d \u2013 rodzinnie i po kurpiowsku!"},"content":{"rendered":"<p style=\"text-align: justify;\">Serdecznie zapraszamy do udzia\u0142u w rodzinnej imprezie \u201eIdo \u015awenta \u0179elgejnocy\u201d, podczas kt\u00f3rej, pod okiem tw\u00f3rc\u00f3w ludowych, odkryjemy tradycje i zwyczaje wielkanocne Kurpiowszczyzny. To doskona\u0142a okazja, by w tw\u00f3rczej i \u015bwi\u0105tecznej atmosferze przygotowa\u0107 si\u0119 do Wielkanocy oraz rodzinnie sp\u0119dzi\u0107 niedzielne popo\u0142udnie.<\/p>\n<p><span style=\"text-decoration: underline;\">W programie:<\/span><br \/>\n\u2022&nbsp; wicie tradycyjnych palm kurpiowskich z bibu\u0142kowych kwiat\u00f3w,<br \/>\n\u2022&nbsp; wykonywanie pisanek z Puszczy Zielonej (prosimy o przyniesienie wydmuszek),<br \/>\n\u2022&nbsp; wyplatanie koszyk\u00f3w i ozd\u00f3b z wikliny,<br \/>\n\u2022&nbsp; tworzenie ozd\u00f3b w \u201ePracowni Artystycznej\u201d,<br \/>\n\u2022&nbsp; wypiekanie i dekorowanie ciasteczek w muzealnej \u201eCiasteczkarni\u201d,<br \/>\n\u2022&nbsp; kiermasz wyrob\u00f3w \u015bwi\u0105tecznych,<br \/>\n\u2022&nbsp; wykonywanie ozd\u00f3b z pszczelego wosku.<\/p>\n<p>Zapowiada si\u0119 dzie\u0144 pe\u0142en tradycji, kolor\u00f3w i wsp\u00f3lnego tworzenia!<\/p>\n<p><span style=\"text-decoration: underline;\">Na to wydarzenie NIE S\u0104 wymagane zapisy.<\/span><\/p>\n<p>\u2666&nbsp; Termin: 15 marca 2026 r. (niedziela) w godz. 10.00-15.00.<br \/>\n\u2666&nbsp; Miejsce: Muzeum Kultury Kurpiowskiej w Ostro\u0142\u0119ce przy Placu gen. J. Bema 8.<br \/>\n\u2666&nbsp; Wst\u0119p: 15 z\u0142\/os.<\/p>\n","protected":false},"excerpt":{"rendered":"<p>Serdecznie zapraszamy do udzia\u0142u w rodzinnej imprezie \u201eIdo \u015awenta \u0179elgejnocy\u201d, podczas kt\u00f3rej, pod okiem tw\u00f3rc\u00f3w ludowych, odkryjemy tradycje i zwyczaje wielkanocne Kurpiowszczyzny. To doskona\u0142a okazja, by w tw\u00f3rczej i \u015bwi\u0105tecznej atmosferze przygotowa\u0107 si\u0119 do Wielkanocy oraz rodzinnie sp\u0119dzi\u0107 niedzielne popo\u0142udnie. W programie: \u2022&nbsp; wicie tradycyjnych palm kurpiowskich z bibu\u0142kowych kwiat\u00f3w, \u2022&nbsp; wykonywanie pisanek z Puszczy [&hellip;]<\/p>\n","protected":false},"author":3,"featured_media":19236,"comment_status":"closed","ping_status":"closed","sticky":false,"template":"","format":"standard","meta":{"_acf_changed":false,"_lmt_disableupdate":"no","_lmt_disable":"no","_monsterinsights_skip_tracking":false,"_monsterinsights_sitenote_active":false,"_monsterinsights_sitenote_note":"","_monsterinsights_sitenote_category":0,"ngg_post_thumbnail":0,"footnotes":""},"categories":[3,51],"tags":[],"class_list":["post-19235","post","type-post","status-publish","format-standard","has-post-thumbnail","hentry","category-aktualnosci","category-wydarzenia-cykliczne"],"acf":[],"modified_by":"Daniel Go\u0142a\u015b","_links":{"self":[{"href":"https:\/\/muzeum.ostroleka.pl\/index.php?rest_route=\/wp\/v2\/posts\/19235","targetHints":{"allow":["GET"]}}],"collection":[{"href":"https:\/\/muzeum.ostroleka.pl\/index.php?rest_route=\/wp\/v2\/posts"}],"about":[{"href":"https:\/\/muzeum.ostroleka.pl\/index.php?rest_route=\/wp\/v2\/types\/post"}],"author":[{"embeddable":true,"href":"https:\/\/muzeum.ostroleka.pl\/index.php?rest_route=\/wp\/v2\/users\/3"}],"replies":[{"embeddable":true,"href":"https:\/\/muzeum.ostroleka.pl\/index.php?rest_route=%2Fwp%2Fv2%2Fcomments&post=19235"}],"version-history":[{"count":3,"href":"https:\/\/muzeum.ostroleka.pl\/index.php?rest_route=\/wp\/v2\/posts\/19235\/revisions"}],"predecessor-version":[{"id":19239,"href":"https:\/\/muzeum.ostroleka.pl\/index.php?rest_route=\/wp\/v2\/posts\/19235\/revisions\/19239"}],"wp:featuredmedia":[{"embeddable":true,"href":"https:\/\/muzeum.ostroleka.pl\/index.php?rest_route=\/wp\/v2\/media\/19236"}],"wp:attachment":[{"href":"https:\/\/muzeum.ostroleka.pl\/index.php?rest_route=%2Fwp%2Fv2%2Fmedia&parent=19235"}],"wp:term":[{"taxonomy":"category","embeddable":true,"href":"https:\/\/muzeum.ostroleka.pl\/index.php?rest_route=%2Fwp%2Fv2%2Fcategories&post=19235"},{"taxonomy":"post_tag","embeddable":true,"href":"https:\/\/muzeum.ostroleka.pl\/index.php?rest_route=%2Fwp%2Fv2%2Ftags&post=19235"}],"curies":[{"name":"wp","href":"https:\/\/api.w.org\/{rel}","templated":true}]}}