{"id":19244,"date":"2026-03-06T14:21:20","date_gmt":"2026-03-06T13:21:20","guid":{"rendered":"https:\/\/muzeum.ostroleka.pl\/?p=19244"},"modified":"2026-03-06T14:21:20","modified_gmt":"2026-03-06T13:21:20","slug":"zaproszenie-na-wernisaz-wystawy-7","status":"publish","type":"post","link":"https:\/\/muzeum.ostroleka.pl\/?p=19244","title":{"rendered":"Zaproszenie na wernisa\u017c wystawy"},"content":{"rendered":"<div class=\"xdj266r x14z9mp xat24cr x1lziwak x1vvkbs x126k92a\">\n<div dir=\"auto\" style=\"text-align: center;\">\n<p>&nbsp;<\/p>\n<p>Dyrektor Muzeum Kultury Kurpiowskiej w Ostro\u0142\u0119ce<\/p>\n<p>zaprasza na wernisa\u017c wystawy<\/p>\n<p>&nbsp;<\/p>\n<p><strong><span style=\"font-size: 24pt;\">\u201eWidz\u0119 przysz\u0142y kszta\u0142t mojej pracy.<br \/>\nKonstanty Chojnowski i jego tw\u00f3rczo\u015b\u0107\u201d.<\/span><\/strong><\/div>\n<\/div>\n<div class=\"x14z9mp xat24cr x1lziwak x1vvkbs xtlvy1s x126k92a\">\n<div dir=\"auto\">&nbsp;<\/div>\n<div dir=\"auto\">&nbsp;<\/div>\n<div dir=\"auto\" style=\"text-align: center;\">Wydarzenie odb\u0119dzie si\u0119 17 marca 2026 roku (wtorek) o godzinie 14.00<br \/>\nw budynku Muzeum przy Placu gen. J. Bema 8 w Ostro\u0142\u0119ce.<\/div>\n<\/div>\n","protected":false},"excerpt":{"rendered":"<p>&nbsp; Dyrektor Muzeum Kultury Kurpiowskiej w Ostro\u0142\u0119ce zaprasza na wernisa\u017c wystawy &nbsp; \u201eWidz\u0119 przysz\u0142y kszta\u0142t mojej pracy. Konstanty Chojnowski i jego tw\u00f3rczo\u015b\u0107\u201d. &nbsp; &nbsp; Wydarzenie odb\u0119dzie si\u0119 17 marca 2026 roku (wtorek) o godzinie 14.00 w budynku Muzeum przy Placu gen. J. Bema 8 w Ostro\u0142\u0119ce.<\/p>\n","protected":false},"author":3,"featured_media":19247,"comment_status":"closed","ping_status":"closed","sticky":false,"template":"","format":"standard","meta":{"_acf_changed":false,"_lmt_disableupdate":"","_lmt_disable":"","_monsterinsights_skip_tracking":false,"_monsterinsights_sitenote_active":false,"_monsterinsights_sitenote_note":"","_monsterinsights_sitenote_category":0,"ngg_post_thumbnail":0,"footnotes":""},"categories":[3,74],"tags":[],"class_list":["post-19244","post","type-post","status-publish","format-standard","has-post-thumbnail","hentry","category-aktualnosci","category-wydarzenia"],"acf":[],"modified_by":"Daniel Go\u0142a\u015b","_links":{"self":[{"href":"https:\/\/muzeum.ostroleka.pl\/index.php?rest_route=\/wp\/v2\/posts\/19244","targetHints":{"allow":["GET"]}}],"collection":[{"href":"https:\/\/muzeum.ostroleka.pl\/index.php?rest_route=\/wp\/v2\/posts"}],"about":[{"href":"https:\/\/muzeum.ostroleka.pl\/index.php?rest_route=\/wp\/v2\/types\/post"}],"author":[{"embeddable":true,"href":"https:\/\/muzeum.ostroleka.pl\/index.php?rest_route=\/wp\/v2\/users\/3"}],"replies":[{"embeddable":true,"href":"https:\/\/muzeum.ostroleka.pl\/index.php?rest_route=%2Fwp%2Fv2%2Fcomments&post=19244"}],"version-history":[{"count":2,"href":"https:\/\/muzeum.ostroleka.pl\/index.php?rest_route=\/wp\/v2\/posts\/19244\/revisions"}],"predecessor-version":[{"id":19246,"href":"https:\/\/muzeum.ostroleka.pl\/index.php?rest_route=\/wp\/v2\/posts\/19244\/revisions\/19246"}],"wp:featuredmedia":[{"embeddable":true,"href":"https:\/\/muzeum.ostroleka.pl\/index.php?rest_route=\/wp\/v2\/media\/19247"}],"wp:attachment":[{"href":"https:\/\/muzeum.ostroleka.pl\/index.php?rest_route=%2Fwp%2Fv2%2Fmedia&parent=19244"}],"wp:term":[{"taxonomy":"category","embeddable":true,"href":"https:\/\/muzeum.ostroleka.pl\/index.php?rest_route=%2Fwp%2Fv2%2Fcategories&post=19244"},{"taxonomy":"post_tag","embeddable":true,"href":"https:\/\/muzeum.ostroleka.pl\/index.php?rest_route=%2Fwp%2Fv2%2Ftags&post=19244"}],"curies":[{"name":"wp","href":"https:\/\/api.w.org\/{rel}","templated":true}]}}