{"id":1979,"date":"2015-05-10T13:49:42","date_gmt":"2015-05-10T12:49:42","guid":{"rendered":"https:\/\/muzeum.ostroleka.pl\/?p=1979"},"modified":"2020-07-09T11:05:13","modified_gmt":"2020-07-09T10:05:13","slug":"montaz-kronik-i-filmow-z-okresu-miedzywojennego-na-wystawie-huculszczyzna-obraz-zatrzymany","status":"publish","type":"post","link":"https:\/\/muzeum.ostroleka.pl\/?p=1979","title":{"rendered":"Monta\u017c kronik i film\u00f3w z okresu mi\u0119dzywojennego na wystawie \u201eHuculszczyzna. Obraz zatrzymany\u201d"},"content":{"rendered":"<p>Do 21 czerwca 2015 roku, w Muzeum Kultury Kurpiowskiej w Ostro\u0142\u0119ce mo\u017cna ogl\u0105da\u0107 wystaw\u0119 \u201eHuculszczyzna. Obraz zatrzymany\u201d. Podczas zwiedzania ekspozycji wy\u015bwietlany jest film b\u0119d\u0105cy monta\u017cem film\u00f3w dokumentalnych i reporta\u017cy pochodz\u0105cych z dwudziestolecia mi\u0119dzywojennego, kt\u00f3re po\u015bwi\u0119cone s\u0105 Huculszczy\u017anie i jej mieszka\u0144com. Autorem monta\u017cu jest Krzysztof Krzy\u017canowski. Czas zestawu: 53 minuty.<\/p>\n<p>Film z\u0142o\u017cony jest z fragment\u00f3w kronik P.A.T. z lat 1933-37, film\u00f3w dokumentalnych oraz filmu fabularnego \u201ePrzyb\u0142\u0119da\u201d .<\/p>\n<p>Obrazy zatrzymane na ta\u015bmach filmowych ukazuj\u0105 elementy charakterystyczne dla regionu Huculszczyzny i jej ludno\u015bci. Mo\u017cemy zobaczy\u0107 m.in.: sceny z \u017cycia codziennego Hucu\u0142\u00f3w, uroczysto\u015bci rodzinne, charakterystyczne zagrody gra\u017cdy, a tak\u017ce s\u0142ynne sp\u0142awy darab g\u00f3rskimi rzekami Czeremoszem i Prutem. Atutem filmu s\u0105 zatrzymane w kadrze malownicze krajobrazy Karpat Wschodnich, kt\u00f3re przyci\u0105ga\u0142y rzesze turyst\u00f3w, szczeg\u00f3lnie w okresie II Rzeczypospolitej.<\/p>\n<p>Ponadto, monta\u017c wzbogacony jest o fragmenty melodramatu w re\u017cyserii Jana Nowiny-Przybylskiego pt. \u201ePrzyb\u0142\u0119da\u201d. Nakr\u0119cony w 1933 roku film fabularny przedstawia dramatyczn\u0105 histori\u0119 mi\u0142osn\u0105 \u017conatego Dmetro, w\u0142\u00f3cz\u0119gi Jura oraz pi\u0119knej Maryjki. Akcja rozgrywa si\u0119 w jednej ze wsi huculskich, dzi\u0119ki czemu mo\u017cemy obserwowa\u0107 bogaty folklor oraz autentyczn\u0105 sceneri\u0119 Huculszczyzny.<\/p>\n<p><strong>Serdecznie Pa\u0144stwa zapraszamy do Muzeum Kultury Kurpiowskiej w Ostro\u0142\u0119ce przy placu gen. J. Bema 8 w Ostro\u0142\u0119ce.<\/strong><\/p>\n","protected":false},"excerpt":{"rendered":"<p>Do 21 czerwca 2015 roku, w Muzeum Kultury Kurpiowskiej w Ostro\u0142\u0119ce mo\u017cna ogl\u0105da\u0107 wystaw\u0119 \u201eHuculszczyzna. Obraz zatrzymany\u201d. Podczas zwiedzania ekspozycji wy\u015bwietlany jest film b\u0119d\u0105cy monta\u017cem film\u00f3w dokumentalnych i reporta\u017cy pochodz\u0105cych z dwudziestolecia mi\u0119dzywojennego, kt\u00f3re po\u015bwi\u0119cone s\u0105 Huculszczy\u017anie i jej mieszka\u0144com. Autorem monta\u017cu jest Krzysztof Krzy\u017canowski. Czas zestawu: 53 minuty. Film z\u0142o\u017cony jest z fragment\u00f3w kronik [&hellip;]<\/p>\n","protected":false},"author":3,"featured_media":4252,"comment_status":"closed","ping_status":"closed","sticky":false,"template":"","format":"standard","meta":{"_acf_changed":false,"_lmt_disableupdate":"","_lmt_disable":"","_monsterinsights_skip_tracking":false,"_monsterinsights_sitenote_active":false,"_monsterinsights_sitenote_note":"","_monsterinsights_sitenote_category":0,"ngg_post_thumbnail":0,"footnotes":""},"categories":[53],"tags":[],"class_list":["post-1979","post","type-post","status-publish","format-standard","has-post-thumbnail","hentry","category-wystawy-czasowe-archiwalne"],"acf":[],"modified_by":"Daniel Go\u0142a\u015b","_links":{"self":[{"href":"https:\/\/muzeum.ostroleka.pl\/index.php?rest_route=\/wp\/v2\/posts\/1979","targetHints":{"allow":["GET"]}}],"collection":[{"href":"https:\/\/muzeum.ostroleka.pl\/index.php?rest_route=\/wp\/v2\/posts"}],"about":[{"href":"https:\/\/muzeum.ostroleka.pl\/index.php?rest_route=\/wp\/v2\/types\/post"}],"author":[{"embeddable":true,"href":"https:\/\/muzeum.ostroleka.pl\/index.php?rest_route=\/wp\/v2\/users\/3"}],"replies":[{"embeddable":true,"href":"https:\/\/muzeum.ostroleka.pl\/index.php?rest_route=%2Fwp%2Fv2%2Fcomments&post=1979"}],"version-history":[{"count":1,"href":"https:\/\/muzeum.ostroleka.pl\/index.php?rest_route=\/wp\/v2\/posts\/1979\/revisions"}],"predecessor-version":[{"id":1980,"href":"https:\/\/muzeum.ostroleka.pl\/index.php?rest_route=\/wp\/v2\/posts\/1979\/revisions\/1980"}],"wp:featuredmedia":[{"embeddable":true,"href":"https:\/\/muzeum.ostroleka.pl\/index.php?rest_route=\/wp\/v2\/media\/4252"}],"wp:attachment":[{"href":"https:\/\/muzeum.ostroleka.pl\/index.php?rest_route=%2Fwp%2Fv2%2Fmedia&parent=1979"}],"wp:term":[{"taxonomy":"category","embeddable":true,"href":"https:\/\/muzeum.ostroleka.pl\/index.php?rest_route=%2Fwp%2Fv2%2Fcategories&post=1979"},{"taxonomy":"post_tag","embeddable":true,"href":"https:\/\/muzeum.ostroleka.pl\/index.php?rest_route=%2Fwp%2Fv2%2Ftags&post=1979"}],"curies":[{"name":"wp","href":"https:\/\/api.w.org\/{rel}","templated":true}]}}