{"id":1983,"date":"2016-08-11T13:54:07","date_gmt":"2016-08-11T12:54:07","guid":{"rendered":"https:\/\/muzeum.ostroleka.pl\/?p=1983"},"modified":"2020-07-09T09:33:18","modified_gmt":"2020-07-09T08:33:18","slug":"wystawa-jubileuszowa-od-wloskich-bufetow-po-ebay-kolekcjonerow-czyli-muzeum-po-drodze-2","status":"publish","type":"post","link":"https:\/\/muzeum.ostroleka.pl\/?p=1983","title":{"rendered":"Wystawa jubileuszowa &#8222;Od w\u0142oskich bufet\u00f3w po ebay kolekcjoner\u00f3w, czyli muzeum po drodze&#8221;"},"content":{"rendered":"<p>Wystawa \u201eOd w\u0142oskich bufet\u00f3w po ebay kolekcjoner\u00f3w, czyli muzeum po drodze\u201d zostanie zrealizowana w ramach obchod\u00f3w roku jubileuszowego, podsumowuj\u0105cego 40-lecie dzia\u0142alno\u015bci Muzeum Kultury Kurpiowskiej (wcze\u015bniej Muzeum Okr\u0119gowego) w Ostro\u0142\u0119ce oraz 130. rocznicy urodzin Adama Ch\u0119tnika &#8211; etnografa, admiratora kultury kurpiowskiej, pomys\u0142odawcy i za\u0142o\u017cyciela Muzeum Kurpiowskiego (obecnie Skansenu Kurpiowskiego) w Nowogrodzie. Ekspozycja czynna od 10 pa\u017adziernika do 13 grudnia 2015 roku.<\/p>\n<p>Wst\u0119p &#8211; WOLNY<\/p>\n<p>Wystawa \u201eOd w\u0142oskich bufet\u00f3w po ebay kolekcjoner\u00f3w, czyli muzeum po drodze\u201d zostanie zrealizowana w ramach obchod\u00f3w roku jubileuszowego, podsumowuj\u0105cego 40-lecie dzia\u0142alno\u015bci Muzeum Kultury Kurpiowskiej (wcze\u015bniej Muzeum Okr\u0119gowego) w Ostro\u0142\u0119ce oraz 130. rocznicy urodzin Adama Ch\u0119tnika &#8211; etnografa, admiratora kultury kurpiowskiej, pomys\u0142odawcy i za\u0142o\u017cyciela Muzeum Kurpiowskiego (obecnie Skansenu Kurpiowskiego) w Nowogrodzie. Ekspozycja czynna od 10 pa\u017adziernika do 13 grudnia 2015 roku.<\/p>\n<p>Wst\u0119p &#8211; WOLNY<\/p>\n<p>Ekspozycja ma na celu zaprezentowanie pionierskich inicjatyw muzealnych i kolekcjonerskich si\u0119gaj\u0105cych tworzonych na kanwie idei krajoznawstwa, uwzgl\u0119dnienie muze\u00f3w zwi\u0105zanych z lokalnym \u015brodowiskiem krajoznawczym oraz stworzenie mapy kolekcjonerstwa (w tym plac\u00f3wek prywatnych) powsta\u0142ych w XX i XXI wieku na obszarze by\u0142ego wojew\u00f3dztwa ostro\u0142\u0119ckiego. Na tym tle tw\u00f3rcy wystawy uka\u017c\u0105 dzia\u0142alno\u015b\u0107 ostro\u0142\u0119ckiego muzeum oraz zaprezentuj\u0105 muzealia reprezentatywne dla czterdziestoletniego procesu gromadzenia zbior\u00f3w.<\/p>\n<p>Wystawie b\u0119dzie towarzyszy\u0142 katalog.<\/p>\n<p>Wystawa jubileuszowa jest elementem projektu pt. \u201eOd w\u0142oskich bufet\u00f3w po ebay kolekcjoner\u00f3w, czyli muzeum po drodze\u201d realizowanego przez Muzeum Kultury Kurpiowskiej w Ostro\u0142\u0119ce w ramach programu Ministra Kultury i Dziedzictwa Narodowego \u201eDziedzictwo kulturowe\u201d, priorytet \u201eWspieranie dzia\u0142a\u0144 muzealnych\u201d.<\/p>\n","protected":false},"excerpt":{"rendered":"<p>Wystawa \u201eOd w\u0142oskich bufet\u00f3w po ebay kolekcjoner\u00f3w, czyli muzeum po drodze\u201d zostanie zrealizowana w ramach obchod\u00f3w roku jubileuszowego, podsumowuj\u0105cego 40-lecie dzia\u0142alno\u015bci Muzeum Kultury Kurpiowskiej (wcze\u015bniej Muzeum Okr\u0119gowego) w Ostro\u0142\u0119ce oraz 130. rocznicy urodzin Adama Ch\u0119tnika &#8211; etnografa, admiratora kultury kurpiowskiej, pomys\u0142odawcy i za\u0142o\u017cyciela Muzeum Kurpiowskiego (obecnie Skansenu Kurpiowskiego) w Nowogrodzie. Ekspozycja czynna od 10 pa\u017adziernika [&hellip;]<\/p>\n","protected":false},"author":3,"featured_media":4242,"comment_status":"closed","ping_status":"closed","sticky":false,"template":"","format":"standard","meta":{"_acf_changed":false,"_lmt_disableupdate":"","_lmt_disable":"","_monsterinsights_skip_tracking":false,"_monsterinsights_sitenote_active":false,"_monsterinsights_sitenote_note":"","_monsterinsights_sitenote_category":0,"ngg_post_thumbnail":0,"footnotes":""},"categories":[53],"tags":[],"class_list":["post-1983","post","type-post","status-publish","format-standard","has-post-thumbnail","hentry","category-wystawy-czasowe-archiwalne"],"acf":[],"modified_by":"Daniel Go\u0142a\u015b","_links":{"self":[{"href":"https:\/\/muzeum.ostroleka.pl\/index.php?rest_route=\/wp\/v2\/posts\/1983","targetHints":{"allow":["GET"]}}],"collection":[{"href":"https:\/\/muzeum.ostroleka.pl\/index.php?rest_route=\/wp\/v2\/posts"}],"about":[{"href":"https:\/\/muzeum.ostroleka.pl\/index.php?rest_route=\/wp\/v2\/types\/post"}],"author":[{"embeddable":true,"href":"https:\/\/muzeum.ostroleka.pl\/index.php?rest_route=\/wp\/v2\/users\/3"}],"replies":[{"embeddable":true,"href":"https:\/\/muzeum.ostroleka.pl\/index.php?rest_route=%2Fwp%2Fv2%2Fcomments&post=1983"}],"version-history":[{"count":2,"href":"https:\/\/muzeum.ostroleka.pl\/index.php?rest_route=\/wp\/v2\/posts\/1983\/revisions"}],"predecessor-version":[{"id":4241,"href":"https:\/\/muzeum.ostroleka.pl\/index.php?rest_route=\/wp\/v2\/posts\/1983\/revisions\/4241"}],"wp:featuredmedia":[{"embeddable":true,"href":"https:\/\/muzeum.ostroleka.pl\/index.php?rest_route=\/wp\/v2\/media\/4242"}],"wp:attachment":[{"href":"https:\/\/muzeum.ostroleka.pl\/index.php?rest_route=%2Fwp%2Fv2%2Fmedia&parent=1983"}],"wp:term":[{"taxonomy":"category","embeddable":true,"href":"https:\/\/muzeum.ostroleka.pl\/index.php?rest_route=%2Fwp%2Fv2%2Fcategories&post=1983"},{"taxonomy":"post_tag","embeddable":true,"href":"https:\/\/muzeum.ostroleka.pl\/index.php?rest_route=%2Fwp%2Fv2%2Ftags&post=1983"}],"curies":[{"name":"wp","href":"https:\/\/api.w.org\/{rel}","templated":true}]}}