{"id":2037,"date":"2013-10-30T09:22:10","date_gmt":"2013-10-30T08:22:10","guid":{"rendered":"https:\/\/muzeum.ostroleka.pl\/?p=2037"},"modified":"2020-07-09T13:30:31","modified_gmt":"2020-07-09T12:30:31","slug":"fotografia-dzikiej-przyrody","status":"publish","type":"post","link":"https:\/\/muzeum.ostroleka.pl\/?p=2037","title":{"rendered":"&#8222;Fotografia dzikiej przyrody&#8221;"},"content":{"rendered":"<div class=\"leadArticle\">\n<p style=\"text-align: justify;\"><strong>Od<\/strong>&nbsp;<strong>28 pa\u017adziernika w naszym Muzeum, mo\u017cna ogl\u0105da\u0107 wystaw\u0119 pt.<\/strong>&nbsp;<strong>\u201eFotografia dzikiej przyrody\u201d<\/strong>.&nbsp;<\/p>\n<div style=\"text-align: justify;\">&nbsp;<\/div>\n<div style=\"text-align: justify;\">Przygotowan\u0105 wystaw\u0119 tworz\u0105 zwyci\u0119skie prace z konkurs\u00f3w fotograficznych Wildlife Photographer of the Year z lat 2002\u20132012, organizowanych przez BBC Worldwide oraz Natural History Museum w&nbsp;Londynie.<\/div>\n<\/div>\n<p><!--more--><\/p>\n<p style=\"text-align: justify;\">Konkurs odbywa si\u0119 corocznie od 1965 r. i w miar\u0119 swojego rozwoju sta\u0142 si\u0119 najbardziej cenionym i&nbsp;najwi\u0119kszym w \u015bwiecie przedsi\u0119wzi\u0119ciem z zakresu fotografii dzikiej przyrody. Ka\u017cdorazowo jego efektem jest wystawa, pokazywana w kilkudziesi\u0119ciu krajach &nbsp;na wszystkich kontynentach. Po raz jedenasty z&nbsp;rz\u0119du ekspozycja go\u015bci w Polsce.<\/p>\n<div style=\"text-align: justify;\">Na wersj\u0119 wystawy prezentowan\u0105 przez Muzeum Kultury Kurpiowskiej w Ostro\u0142\u0119ce, sk\u0142ada si\u0119 70&nbsp;wybranych zdj\u0119\u0107 z jedenastu ostatnich edycji konkursu. Przedstawiane fotografie autorstwa 68&nbsp;fotograf\u00f3w z 22 kraj\u00f3w \u2013 w tym dwa zdj\u0119cia z Polski &#8211; zosta\u0142y nagrodzone i wyr\u00f3\u017cnione w kilkunastu kategoriach. Zwyci\u0119skie prace wyselekcjonowano spo\u015br\u00f3d 20 &#8211; 50 tys. fotogram\u00f3w, nadsy\u0142anych rokrocznie w latach 2002 &#8211; 12.&nbsp;<\/div>\n<div style=\"text-align: justify;\">&nbsp;<\/div>\n<div style=\"text-align: justify;\">Cele jakie przy\u015bwiecaj\u0105 organizatorom konkursu i wystawy mo\u017cna najog\u00f3lniej okre\u015bli\u0107 w kilku punktach:<\/div>\n<div style=\"text-align: justify;\">\u2022 podnie\u015b\u0107 status fotografii dzikiej przyrody do rangi g\u0142\u00f3wnych nurt\u00f3w wsp\u00f3\u0142czesnej sztuki,<\/div>\n<div style=\"text-align: justify;\">\u2022 sta\u0107 si\u0119 najpowa\u017cniejszym forum fotografii tego rodzaju, przedstawiaj\u0105c \u015bwiatowej widowni najlepsze obrazy natury,<\/div>\n<div style=\"text-align: justify;\">\u2022 inspirowa\u0107 coraz to nowe pokolenia fotograf\u00f3w do tworzenia wizjonerskich &nbsp;i ekspresyjnych interpretacji dzikiej przyrody,<\/div>\n<div style=\"text-align: justify;\">\u2022 przedstawia\u0107 zgromadzone dzie\u0142a ludziom na ca\u0142ym \u015bwiecie, aby ukaza\u0107 im wspania\u0142o\u015b\u0107, dramatyzm i&nbsp;r\u00f3\u017cnorodno\u015b\u0107 \u017cycia na Ziemi i pobudzi\u0107 w nich dba\u0142o\u015b\u0107 o jego przysz\u0142o\u015b\u0107.<\/div>\n<div style=\"text-align: justify;\">&nbsp;<\/div>\n<div style=\"text-align: justify;\">Dzi\u0119ki coraz bardziej udanej realizacji tych cel\u00f3w coraz lepsze zdj\u0119cia s\u0105 ogl\u0105dane przez coraz wi\u0119ksz\u0105 ilo\u015b\u0107 widz\u00f3w. Je\u015bli zliczy\u0107 ich wszystkich, to rokrocznie jest to ju\u017c znacznie wi\u0119cej ni\u017c milion os\u00f3b, na wszystkich kontynentach, z czego w Polsce liczba ogl\u0105daj\u0105cych wynosi ok. 70 &#8211; 80 tys. os\u00f3b.&nbsp;<\/div>\n<div style=\"text-align: justify;\">&nbsp;<\/div>\n<div style=\"text-align: justify;\">Patronat Honorowy nad wystaw\u0105 obj\u0119li: Minister Kultury i Dziedzictwa Narodowego oraz Minister \u015arodowiska.<\/div>\n<div style=\"text-align: justify;\">&nbsp;<\/div>\n<div style=\"text-align: justify;\"><strong>Wystaw\u0119 b\u0119dzie mo\u017cna zwiedza\u0107 do 8 grudnia 2013 roku.<\/strong><\/div>\n","protected":false},"excerpt":{"rendered":"<p>Od&nbsp;28 pa\u017adziernika w naszym Muzeum, mo\u017cna ogl\u0105da\u0107 wystaw\u0119 pt.&nbsp;\u201eFotografia dzikiej przyrody\u201d.&nbsp; &nbsp; Przygotowan\u0105 wystaw\u0119 tworz\u0105 zwyci\u0119skie prace z konkurs\u00f3w fotograficznych Wildlife Photographer of the Year z lat 2002\u20132012, organizowanych przez BBC Worldwide oraz Natural History Museum w&nbsp;Londynie.<\/p>\n","protected":false},"author":3,"featured_media":4271,"comment_status":"closed","ping_status":"closed","sticky":false,"template":"","format":"standard","meta":{"_acf_changed":false,"_lmt_disableupdate":"","_lmt_disable":"","_monsterinsights_skip_tracking":false,"_monsterinsights_sitenote_active":false,"_monsterinsights_sitenote_note":"","_monsterinsights_sitenote_category":0,"ngg_post_thumbnail":0,"footnotes":""},"categories":[53],"tags":[],"class_list":["post-2037","post","type-post","status-publish","format-standard","has-post-thumbnail","hentry","category-wystawy-czasowe-archiwalne"],"acf":[],"modified_by":"Daniel Go\u0142a\u015b","_links":{"self":[{"href":"https:\/\/muzeum.ostroleka.pl\/index.php?rest_route=\/wp\/v2\/posts\/2037","targetHints":{"allow":["GET"]}}],"collection":[{"href":"https:\/\/muzeum.ostroleka.pl\/index.php?rest_route=\/wp\/v2\/posts"}],"about":[{"href":"https:\/\/muzeum.ostroleka.pl\/index.php?rest_route=\/wp\/v2\/types\/post"}],"author":[{"embeddable":true,"href":"https:\/\/muzeum.ostroleka.pl\/index.php?rest_route=\/wp\/v2\/users\/3"}],"replies":[{"embeddable":true,"href":"https:\/\/muzeum.ostroleka.pl\/index.php?rest_route=%2Fwp%2Fv2%2Fcomments&post=2037"}],"version-history":[{"count":2,"href":"https:\/\/muzeum.ostroleka.pl\/index.php?rest_route=\/wp\/v2\/posts\/2037\/revisions"}],"predecessor-version":[{"id":4272,"href":"https:\/\/muzeum.ostroleka.pl\/index.php?rest_route=\/wp\/v2\/posts\/2037\/revisions\/4272"}],"wp:featuredmedia":[{"embeddable":true,"href":"https:\/\/muzeum.ostroleka.pl\/index.php?rest_route=\/wp\/v2\/media\/4271"}],"wp:attachment":[{"href":"https:\/\/muzeum.ostroleka.pl\/index.php?rest_route=%2Fwp%2Fv2%2Fmedia&parent=2037"}],"wp:term":[{"taxonomy":"category","embeddable":true,"href":"https:\/\/muzeum.ostroleka.pl\/index.php?rest_route=%2Fwp%2Fv2%2Fcategories&post=2037"},{"taxonomy":"post_tag","embeddable":true,"href":"https:\/\/muzeum.ostroleka.pl\/index.php?rest_route=%2Fwp%2Fv2%2Ftags&post=2037"}],"curies":[{"name":"wp","href":"https:\/\/api.w.org\/{rel}","templated":true}]}}