{"id":2048,"date":"2018-10-12T08:05:29","date_gmt":"2018-10-12T07:05:29","guid":{"rendered":"https:\/\/muzeum.ostroleka.pl\/?p=2048"},"modified":"2019-11-29T13:45:04","modified_gmt":"2019-11-29T12:45:04","slug":"wystawa-o-radzie-pomocy-zydom","status":"publish","type":"post","link":"https:\/\/muzeum.ostroleka.pl\/?p=2048","title":{"rendered":"Wystawa o Radzie Pomocy \u017bydom"},"content":{"rendered":"<div class=\"leadArticle\">\n<p style=\"text-align: justify;\">Muzeum Kultury Kurpiowskiej w Ostro\u0142\u0119ce zaprasza serdecznie do zwiedzania wystawy planszowej pt.&nbsp;<em>\u017begota. Rada Pomocy \u017bydom<\/em>, kt\u00f3ra b\u0119dzie prezentowana od&nbsp;11&nbsp;pa\u017adziernika 2018 r. w budynku muzeum przy placu gen. J. Bema 9.<\/p>\n<\/div>\n<p style=\"text-align: justify;\">Wystawa przygotowana przez dr. Marcina Urynowicza i dr. Paw\u0142a Rokickiego z&nbsp;Instytutu Pami\u0119ci Narodowej ukazuje i przypomina wyj\u0105tkow\u0105, niezwykle przejmuj\u0105c\u0105 i&nbsp;bardzo wa\u017cn\u0105 histori\u0119 Rady Pomocy \u017bydom \u2013 polskiej organizacji podziemnej, kt\u00f3rej zadaniem by\u0142a pomoc ludno\u015bci \u017cydowskiej w&nbsp;obliczu holokaustu. Na&nbsp;osiemnastu&nbsp;starannie przygotowanych planszach zamieszczono wiadomo\u015bci na temat okoliczno\u015bci powstania \u017begoty, jej struktury, charakteru, a tak\u017ce efekt\u00f3w dzia\u0142alno\u015bci.<\/p>\n<p style=\"text-align: justify;\">Informacje znajduj\u0105ce si\u0119 na planszach prezentowane s\u0105 w dw\u00f3ch wersjach j\u0119zykowych \u2013 polskiej i&nbsp;angielskiej. Ca\u0142o\u015b\u0107 uzupe\u0142niaj\u0105 reprodukcje fotografii pochodz\u0105cych z&nbsp;wielu instytucji, zar\u00f3wno krajowych, jak i zagranicznych.<\/p>\n<p style=\"text-align: justify;\">Ekspozycji towarzyszy\u0107 b\u0119dzie tak\u017ce lekcja muzealna po\u015bwi\u0119cona \u017begocie, na kt\u00f3r\u0105 zapisy prowadzone b\u0119d\u0105 od 15 pa\u017adziernika 2018 r.<\/p>\nngg_shortcode_0_placeholder\n","protected":false},"excerpt":{"rendered":"<p>Muzeum Kultury Kurpiowskiej w Ostro\u0142\u0119ce zaprasza serdecznie do zwiedzania wystawy planszowej pt.&nbsp;\u017begota. Rada Pomocy \u017bydom, kt\u00f3ra b\u0119dzie prezentowana od&nbsp;11&nbsp;pa\u017adziernika 2018 r. w budynku muzeum przy placu gen. J. Bema 9. Wystawa przygotowana przez dr. Marcina Urynowicza i dr. Paw\u0142a Rokickiego z&nbsp;Instytutu Pami\u0119ci Narodowej ukazuje i przypomina wyj\u0105tkow\u0105, niezwykle przejmuj\u0105c\u0105 i&nbsp;bardzo wa\u017cn\u0105 histori\u0119 Rady Pomocy \u017bydom [&hellip;]<\/p>\n","protected":false},"author":3,"featured_media":2054,"comment_status":"open","ping_status":"open","sticky":false,"template":"","format":"standard","meta":{"_acf_changed":false,"_lmt_disableupdate":"","_lmt_disable":"","_monsterinsights_skip_tracking":false,"_monsterinsights_sitenote_active":false,"_monsterinsights_sitenote_note":"","_monsterinsights_sitenote_category":0,"ngg_post_thumbnail":0,"footnotes":""},"categories":[53],"tags":[],"class_list":["post-2048","post","type-post","status-publish","format-standard","has-post-thumbnail","hentry","category-wystawy-czasowe-archiwalne"],"acf":[],"modified_by":"Daniel Go\u0142a\u015b","_links":{"self":[{"href":"https:\/\/muzeum.ostroleka.pl\/index.php?rest_route=\/wp\/v2\/posts\/2048","targetHints":{"allow":["GET"]}}],"collection":[{"href":"https:\/\/muzeum.ostroleka.pl\/index.php?rest_route=\/wp\/v2\/posts"}],"about":[{"href":"https:\/\/muzeum.ostroleka.pl\/index.php?rest_route=\/wp\/v2\/types\/post"}],"author":[{"embeddable":true,"href":"https:\/\/muzeum.ostroleka.pl\/index.php?rest_route=\/wp\/v2\/users\/3"}],"replies":[{"embeddable":true,"href":"https:\/\/muzeum.ostroleka.pl\/index.php?rest_route=%2Fwp%2Fv2%2Fcomments&post=2048"}],"version-history":[{"count":1,"href":"https:\/\/muzeum.ostroleka.pl\/index.php?rest_route=\/wp\/v2\/posts\/2048\/revisions"}],"predecessor-version":[{"id":2055,"href":"https:\/\/muzeum.ostroleka.pl\/index.php?rest_route=\/wp\/v2\/posts\/2048\/revisions\/2055"}],"wp:featuredmedia":[{"embeddable":true,"href":"https:\/\/muzeum.ostroleka.pl\/index.php?rest_route=\/wp\/v2\/media\/2054"}],"wp:attachment":[{"href":"https:\/\/muzeum.ostroleka.pl\/index.php?rest_route=%2Fwp%2Fv2%2Fmedia&parent=2048"}],"wp:term":[{"taxonomy":"category","embeddable":true,"href":"https:\/\/muzeum.ostroleka.pl\/index.php?rest_route=%2Fwp%2Fv2%2Fcategories&post=2048"},{"taxonomy":"post_tag","embeddable":true,"href":"https:\/\/muzeum.ostroleka.pl\/index.php?rest_route=%2Fwp%2Fv2%2Ftags&post=2048"}],"curies":[{"name":"wp","href":"https:\/\/api.w.org\/{rel}","templated":true}]}}