{"id":2075,"date":"2016-08-11T08:15:09","date_gmt":"2016-08-11T07:15:09","guid":{"rendered":"https:\/\/muzeum.ostroleka.pl\/?p=2075"},"modified":"2020-07-09T10:53:51","modified_gmt":"2020-07-09T09:53:51","slug":"wegierskie-pomniki-pamieci-fejfa-hungaricum","status":"publish","type":"post","link":"https:\/\/muzeum.ostroleka.pl\/?p=2075","title":{"rendered":"&#8222;W\u0119gierskie pomniki pami\u0119ci \u2013 fejfa hungaricum&#8221;"},"content":{"rendered":"<div class=\"leadArticle\">\n<p style=\"text-align: justify;\">Drewniane nagrobki s\u0142upowe \u2013&nbsp;<em>fejfa<\/em>&nbsp;[drzewo od g\u0142owy] \u2013 to niezwyk\u0142y przejaw w\u0119gierskiej sztuki ludowej. Nawi\u0105zuj\u0105 one do prastarej tradycji, ale zacz\u0119\u0142y upowszechnia\u0107 si\u0119 &#8211; zw\u0142aszcza na terenie Siedmiogrodu &#8211; od po\u0142owy XVI wieku wraz z rozprzestrzenianiem si\u0119 Reformacji.&nbsp;<\/p>\n<div style=\"text-align: justify;\">&nbsp;<\/div>\n<div style=\"text-align: justify;\">Kopijniki sta\u0142y si\u0119 charakterystycznym oznakowaniem grob\u00f3w na cmentarzach protestanckich \u2013 podobnie jak krzy\u017ce na nekropoliach katolickich. Uk\u0142ad element\u00f3w zdobniczych na s\u0142upach by\u0142 zakodowanym przekazem pozwalaj\u0105cym odczyta\u0107 imi\u0119, wiek, stan cywilny, a nierzadko przyczyn\u0119 \u015bmierci zmar\u0142ego.&nbsp;<\/div>\n<\/div>\n<p style=\"text-align: justify;\">Wystawa, kt\u00f3ra zosta\u0142a otwarta w naszym Muzeum w Dzie\u0144 Przyja\u017ani Polsko-W\u0119gierskiej, przedstawia kilka w\u0119gierskich pomnik\u00f3w pami\u0119ci, kt\u00f3re na potrzeby ekspozycji, zosta\u0142y wykonane przez uczni\u00f3w Liceum Plastycznego w Supra\u015blu. Na naszym dziedzi\u0144cu stan\u0119\u0142o pi\u0119\u0107 kopijnik\u00f3w, kt\u00f3re mo\u017cna ogl\u0105da\u0107 do 10 maja br.<\/p>\n","protected":false},"excerpt":{"rendered":"<p>Drewniane nagrobki s\u0142upowe \u2013&nbsp;fejfa&nbsp;[drzewo od g\u0142owy] \u2013 to niezwyk\u0142y przejaw w\u0119gierskiej sztuki ludowej. Nawi\u0105zuj\u0105 one do prastarej tradycji, ale zacz\u0119\u0142y upowszechnia\u0107 si\u0119 &#8211; zw\u0142aszcza na terenie Siedmiogrodu &#8211; od po\u0142owy XVI wieku wraz z rozprzestrzenianiem si\u0119 Reformacji.&nbsp; &nbsp; Kopijniki sta\u0142y si\u0119 charakterystycznym oznakowaniem grob\u00f3w na cmentarzach protestanckich \u2013 podobnie jak krzy\u017ce na nekropoliach katolickich. Uk\u0142ad [&hellip;]<\/p>\n","protected":false},"author":3,"featured_media":4250,"comment_status":"closed","ping_status":"closed","sticky":false,"template":"","format":"standard","meta":{"_acf_changed":false,"_lmt_disableupdate":"","_lmt_disable":"","_monsterinsights_skip_tracking":false,"_monsterinsights_sitenote_active":false,"_monsterinsights_sitenote_note":"","_monsterinsights_sitenote_category":0,"ngg_post_thumbnail":0,"footnotes":""},"categories":[53],"tags":[],"class_list":["post-2075","post","type-post","status-publish","format-standard","has-post-thumbnail","hentry","category-wystawy-czasowe-archiwalne"],"acf":[],"modified_by":"Daniel Go\u0142a\u015b","_links":{"self":[{"href":"https:\/\/muzeum.ostroleka.pl\/index.php?rest_route=\/wp\/v2\/posts\/2075","targetHints":{"allow":["GET"]}}],"collection":[{"href":"https:\/\/muzeum.ostroleka.pl\/index.php?rest_route=\/wp\/v2\/posts"}],"about":[{"href":"https:\/\/muzeum.ostroleka.pl\/index.php?rest_route=\/wp\/v2\/types\/post"}],"author":[{"embeddable":true,"href":"https:\/\/muzeum.ostroleka.pl\/index.php?rest_route=\/wp\/v2\/users\/3"}],"replies":[{"embeddable":true,"href":"https:\/\/muzeum.ostroleka.pl\/index.php?rest_route=%2Fwp%2Fv2%2Fcomments&post=2075"}],"version-history":[{"count":2,"href":"https:\/\/muzeum.ostroleka.pl\/index.php?rest_route=\/wp\/v2\/posts\/2075\/revisions"}],"predecessor-version":[{"id":4251,"href":"https:\/\/muzeum.ostroleka.pl\/index.php?rest_route=\/wp\/v2\/posts\/2075\/revisions\/4251"}],"wp:featuredmedia":[{"embeddable":true,"href":"https:\/\/muzeum.ostroleka.pl\/index.php?rest_route=\/wp\/v2\/media\/4250"}],"wp:attachment":[{"href":"https:\/\/muzeum.ostroleka.pl\/index.php?rest_route=%2Fwp%2Fv2%2Fmedia&parent=2075"}],"wp:term":[{"taxonomy":"category","embeddable":true,"href":"https:\/\/muzeum.ostroleka.pl\/index.php?rest_route=%2Fwp%2Fv2%2Fcategories&post=2075"},{"taxonomy":"post_tag","embeddable":true,"href":"https:\/\/muzeum.ostroleka.pl\/index.php?rest_route=%2Fwp%2Fv2%2Ftags&post=2075"}],"curies":[{"name":"wp","href":"https:\/\/api.w.org\/{rel}","templated":true}]}}