{"id":2079,"date":"2014-02-10T08:15:31","date_gmt":"2014-02-10T07:15:31","guid":{"rendered":"https:\/\/muzeum.ostroleka.pl\/?p=2079"},"modified":"2020-07-09T11:52:01","modified_gmt":"2020-07-09T10:52:01","slug":"szklane-fotografie-na-wystawie-w-pomniku-mauzoleum","status":"publish","type":"post","link":"https:\/\/muzeum.ostroleka.pl\/?p=2079","title":{"rendered":"Szklane fotografie na wystawie w pomniku Mauzoleum"},"content":{"rendered":"<div class=\"leadArticle\">\n<p>Od 24 maja w pomniku Mauzoleum mo\u017cna zwiedza\u0107 wystaw\u0119 fotografii wykonanych XIX-wieczn\u0105 metod\u0105 &#8222;mokrej p\u0142yty&#8221; podczas ubieg\u0142orocznego pikniku historycznego. Na zdj\u0119ciach uwieczniono ostro\u0142\u0119ckich rekonstruktor\u00f3w, uczestnik\u00f3w pikniku oraz pomnik Mauzoleum.<\/p>\n<\/div>\n<p>Technika &#8222;mokrej p\u0142yty kolodionowej&#8221; &nbsp;jest jedn\u0105 z najstarszych technik fotograficznych. Tworzenie tego typu zdj\u0119\u0107 polega na na\u015bwietleniu w drewnianym aparacie wielkoformatowym szklanej p\u0142yty pokrytej warstw\u0105 kolodionu zawieraj\u0105cego substancj\u0119 \u015bwiat\u0142oczu\u0142\u0105. Na\u015bwietlon\u0105 p\u0142yt\u0119 poddaje si\u0119 k\u0105pielom w&nbsp;specjalnie przygotowanych roztworach. Otrzymany obraz jest pozytywem, kt\u00f3rego nie mo\u017cna kopiowa\u0107. Ka\u017cde zdj\u0119cie jest unikatem.<\/p>\n<p>Fotografie zosta\u0142y wykonane przez Tomasza \u0141oja i Andrzeja &#8222;&#8221;Grab\u0119&#8221; Grabowieckiego z Polic, pasjonat\u00f3w fotografii historycznej i autor\u00f3w projektu edukacyjno &#8211; kulturalnego zatytu\u0142owanego &#8222;Objazdowy Fotograf&#8221;.<\/p>\n<p>&nbsp;<strong>Wsp\u00f3\u0142organizatorem&nbsp;<\/strong>wystawy jest Ostro\u0142\u0119ckie Stowarzyszenie Historyczne &#8222;Czwartacy&#8221;, kt\u00f3re jest tak\u017ce w\u0142a\u015bcicielem prezentowanych fotografii.<\/p>\n<p>Ekspozycj\u0119 mo\u017cna ogl\u0105da\u0107 do 30 sierpnia &nbsp;br. w pomniku Mauzoleum przy ulicy Warszawskiej 2.<\/p>\n","protected":false},"excerpt":{"rendered":"<p>Od 24 maja w pomniku Mauzoleum mo\u017cna zwiedza\u0107 wystaw\u0119 fotografii wykonanych XIX-wieczn\u0105 metod\u0105 &#8222;mokrej p\u0142yty&#8221; podczas ubieg\u0142orocznego pikniku historycznego. Na zdj\u0119ciach uwieczniono ostro\u0142\u0119ckich rekonstruktor\u00f3w, uczestnik\u00f3w pikniku oraz pomnik Mauzoleum. Technika &#8222;mokrej p\u0142yty kolodionowej&#8221; &nbsp;jest jedn\u0105 z najstarszych technik fotograficznych. Tworzenie tego typu zdj\u0119\u0107 polega na na\u015bwietleniu w drewnianym aparacie wielkoformatowym szklanej p\u0142yty pokrytej warstw\u0105 kolodionu [&hellip;]<\/p>\n","protected":false},"author":3,"featured_media":4267,"comment_status":"closed","ping_status":"closed","sticky":false,"template":"","format":"standard","meta":{"_acf_changed":false,"_lmt_disableupdate":"","_lmt_disable":"","_monsterinsights_skip_tracking":false,"_monsterinsights_sitenote_active":false,"_monsterinsights_sitenote_note":"","_monsterinsights_sitenote_category":0,"ngg_post_thumbnail":0,"footnotes":""},"categories":[53],"tags":[],"class_list":["post-2079","post","type-post","status-publish","format-standard","has-post-thumbnail","hentry","category-wystawy-czasowe-archiwalne"],"acf":[],"modified_by":"Daniel Go\u0142a\u015b","_links":{"self":[{"href":"https:\/\/muzeum.ostroleka.pl\/index.php?rest_route=\/wp\/v2\/posts\/2079","targetHints":{"allow":["GET"]}}],"collection":[{"href":"https:\/\/muzeum.ostroleka.pl\/index.php?rest_route=\/wp\/v2\/posts"}],"about":[{"href":"https:\/\/muzeum.ostroleka.pl\/index.php?rest_route=\/wp\/v2\/types\/post"}],"author":[{"embeddable":true,"href":"https:\/\/muzeum.ostroleka.pl\/index.php?rest_route=\/wp\/v2\/users\/3"}],"replies":[{"embeddable":true,"href":"https:\/\/muzeum.ostroleka.pl\/index.php?rest_route=%2Fwp%2Fv2%2Fcomments&post=2079"}],"version-history":[{"count":1,"href":"https:\/\/muzeum.ostroleka.pl\/index.php?rest_route=\/wp\/v2\/posts\/2079\/revisions"}],"predecessor-version":[{"id":2080,"href":"https:\/\/muzeum.ostroleka.pl\/index.php?rest_route=\/wp\/v2\/posts\/2079\/revisions\/2080"}],"wp:featuredmedia":[{"embeddable":true,"href":"https:\/\/muzeum.ostroleka.pl\/index.php?rest_route=\/wp\/v2\/media\/4267"}],"wp:attachment":[{"href":"https:\/\/muzeum.ostroleka.pl\/index.php?rest_route=%2Fwp%2Fv2%2Fmedia&parent=2079"}],"wp:term":[{"taxonomy":"category","embeddable":true,"href":"https:\/\/muzeum.ostroleka.pl\/index.php?rest_route=%2Fwp%2Fv2%2Fcategories&post=2079"},{"taxonomy":"post_tag","embeddable":true,"href":"https:\/\/muzeum.ostroleka.pl\/index.php?rest_route=%2Fwp%2Fv2%2Ftags&post=2079"}],"curies":[{"name":"wp","href":"https:\/\/api.w.org\/{rel}","templated":true}]}}