{"id":2081,"date":"2015-07-17T08:30:33","date_gmt":"2015-07-17T07:30:33","guid":{"rendered":"https:\/\/muzeum.ostroleka.pl\/?p=2081"},"modified":"2020-07-09T13:38:01","modified_gmt":"2020-07-09T12:38:01","slug":"wystawa-jubileuszowa-ostroleckiego-stowarzyszenia-tworcow","status":"publish","type":"post","link":"https:\/\/muzeum.ostroleka.pl\/?p=2081","title":{"rendered":"Wystawa jubileuszowa Ostro\u0142\u0119ckiego Stowarzyszenia Tw\u00f3rc\u00f3w"},"content":{"rendered":"<div class=\"leadArticle\">\n<p style=\"text-align: justify;\">Muzeum Kultury Kurpiowskiej zaprasza na wystaw\u0119 &#8222;Po\u0142\u0105czy\u0142a nas pasja tworzenia&#8221; zorganizowan\u0105 &nbsp;z&nbsp;okazji jubileuszu 35-lecia Ostro\u0142\u0119ckiego Stowarzyszenia Tw\u00f3rc\u00f3w. Ekspozycj\u0119, na kt\u00f3rej swoje prace prezentuje ponad dwudziestu artyst\u00f3w, ogl\u0105da\u0107 mo\u017cna do 31&nbsp;sierpnia.<\/p>\n<\/div>\n<p style=\"text-align: justify;\">Stowarzyszenie skupia ponad czterdziestu artyst\u00f3w, kt\u00f3rzy w oryginalny spos\u00f3b przedstawiaj\u0105 &nbsp;otaczaj\u0105c\u0105 ich rzeczywisto\u015b\u0107. Najcz\u0119\u015bciej poruszanymi tematami &nbsp;jest &nbsp;najbli\u017csze otoczenie \u2013 rodzima przyroda i &nbsp;architektura, ch\u0119tnie si\u0119gaj\u0105 &nbsp;po tematy zwi\u0105zane z histori\u0105 Polski, przedstawiaj\u0105c &nbsp;je poprzez malarstwo, rysunek, rze\u017ab\u0119, grafik\u0119, tkactwo, haft. &nbsp;Dorobek artystyczny grupy skupionej wok\u00f3\u0142 &nbsp;Zofii &nbsp;Stanowskiej, za\u0142o\u017cycielki, wieloletniej prezeski i spirytus movens stowarzyszenia, prezentowany by\u0142 na ponad trzystu wystawach w kraju &nbsp;i zagranic\u0105.<\/p>\n<p style=\"text-align: justify;\">&nbsp;Wyb\u00f3r prac artyst\u00f3w Ostro\u0142\u0119ckiego Stowarzyszenia Tw\u00f3rc\u00f3w &nbsp;opublikowano &nbsp;w trzech albumach: \u201e\u017by\u0107 pasj\u0105 tworzenia\u201d (2008)), \u201eRado\u015b\u0107 tworzenia \u201d (2010), &nbsp;Zofia Stanowska \u201eM\u00f3j \u015bwiat w obrazach\u201d (2013).<\/p>\n<p style=\"text-align: justify;\">Na wystawie obejrze\u0107 mo\u017cna prace nast\u0119puj\u0105cych cz\u0142onk\u00f3w Stowarzyszenia:<\/p>\n<p style=\"text-align: justify;\"><strong>MALARSTWO<\/strong><\/p>\n<p style=\"text-align: justify;\">Zofia Stanowska<\/p>\n<p style=\"text-align: justify;\">Bogus\u0142awa Stanowska-Cicho\u0144<\/p>\n<p style=\"text-align: justify;\">Zbigniew Cicho\u0144<\/p>\n<p style=\"text-align: justify;\">Anna Cicho\u0144<\/p>\n<p style=\"text-align: justify;\">Micha\u0142 Cicho\u0144<\/p>\n<p style=\"text-align: justify;\">Maria Prusaczyk<\/p>\n<p style=\"text-align: justify;\">Zbigniew Zajewski<\/p>\n<p style=\"text-align: justify;\">Mateusz Gawro\u0144ski<\/p>\n<p style=\"text-align: justify;\">Ewa Bobrowiecka<\/p>\n<p style=\"text-align: justify;\">Andrzej Bobrowiecki<\/p>\n<p style=\"text-align: justify;\">El\u017cbieta Hryniewska<\/p>\n<p style=\"text-align: justify;\">Stefan Werner<\/p>\n<p style=\"text-align: justify;\"><strong><br \/>\nRZE\u0179BA<\/strong><\/p>\n<p style=\"text-align: justify;\">Kazimierz Sikorski<\/p>\n<p style=\"text-align: justify;\">J\u00f3zef Bac\u0142awski<\/p>\n<p style=\"text-align: justify;\">Artur Szydlik<\/p>\n<p style=\"text-align: justify;\">Bo\u017cena Jeruzalska<\/p>\n<p style=\"text-align: justify;\"><strong><br \/>\nNACZYNIA Z GLINY<\/strong><\/p>\n<p style=\"text-align: justify;\">Kazimierz Siemienowicz<\/p>\n<p style=\"text-align: justify;\"><strong><br \/>\nHAFT<\/strong><\/p>\n<p style=\"text-align: justify;\">Dorota Ossowska<\/p>\n<p style=\"text-align: justify;\">Dzi\u0119gielewska Barbara<\/p>\n<p style=\"text-align: justify;\">Lidia Za\u0142uska<\/p>\n<p style=\"text-align: justify;\"><strong><br \/>\nBATIK<\/strong><\/p>\n<p style=\"text-align: justify;\">Bogumi\u0142a Re\u0107ko<\/p>\n<p style=\"text-align: justify;\"><strong><br \/>\nCERAMIKA<\/strong><\/p>\n<p style=\"text-align: justify;\">Ma\u0142gorzata Sygu\u0142a<\/p>\n<p style=\"text-align: justify;\"><strong><br \/>\nPISANKA<\/strong><\/p>\n<p style=\"text-align: justify;\">Kazimierz Bondaryk<\/p>\n<p style=\"text-align: justify;\">&nbsp;<\/p>\n<p style=\"text-align: justify;\"><em>Wystawa &#8222;Po\u0142\u0105czy\u0142a nas pasja tworzenia&#8221; czynna b\u0119dzie do 31 sierpnia 2014 roku w Muzeum Kultury Kurpiowskiej przy placu gen. J. Bema 8.<\/em><\/p>\n","protected":false},"excerpt":{"rendered":"<p>Muzeum Kultury Kurpiowskiej zaprasza na wystaw\u0119 &#8222;Po\u0142\u0105czy\u0142a nas pasja tworzenia&#8221; zorganizowan\u0105 &nbsp;z&nbsp;okazji jubileuszu 35-lecia Ostro\u0142\u0119ckiego Stowarzyszenia Tw\u00f3rc\u00f3w. Ekspozycj\u0119, na kt\u00f3rej swoje prace prezentuje ponad dwudziestu artyst\u00f3w, ogl\u0105da\u0107 mo\u017cna do 31&nbsp;sierpnia. Stowarzyszenie skupia ponad czterdziestu artyst\u00f3w, kt\u00f3rzy w oryginalny spos\u00f3b przedstawiaj\u0105 &nbsp;otaczaj\u0105c\u0105 ich rzeczywisto\u015b\u0107. Najcz\u0119\u015bciej poruszanymi tematami &nbsp;jest &nbsp;najbli\u017csze otoczenie \u2013 rodzima przyroda i &nbsp;architektura, ch\u0119tnie [&hellip;]<\/p>\n","protected":false},"author":3,"featured_media":4266,"comment_status":"closed","ping_status":"closed","sticky":false,"template":"","format":"standard","meta":{"_acf_changed":false,"_lmt_disableupdate":"","_lmt_disable":"","_monsterinsights_skip_tracking":false,"_monsterinsights_sitenote_active":false,"_monsterinsights_sitenote_note":"","_monsterinsights_sitenote_category":0,"ngg_post_thumbnail":0,"footnotes":""},"categories":[53],"tags":[],"class_list":["post-2081","post","type-post","status-publish","format-standard","has-post-thumbnail","hentry","category-wystawy-czasowe-archiwalne"],"acf":[],"modified_by":"Daniel Go\u0142a\u015b","_links":{"self":[{"href":"https:\/\/muzeum.ostroleka.pl\/index.php?rest_route=\/wp\/v2\/posts\/2081","targetHints":{"allow":["GET"]}}],"collection":[{"href":"https:\/\/muzeum.ostroleka.pl\/index.php?rest_route=\/wp\/v2\/posts"}],"about":[{"href":"https:\/\/muzeum.ostroleka.pl\/index.php?rest_route=\/wp\/v2\/types\/post"}],"author":[{"embeddable":true,"href":"https:\/\/muzeum.ostroleka.pl\/index.php?rest_route=\/wp\/v2\/users\/3"}],"replies":[{"embeddable":true,"href":"https:\/\/muzeum.ostroleka.pl\/index.php?rest_route=%2Fwp%2Fv2%2Fcomments&post=2081"}],"version-history":[{"count":2,"href":"https:\/\/muzeum.ostroleka.pl\/index.php?rest_route=\/wp\/v2\/posts\/2081\/revisions"}],"predecessor-version":[{"id":4265,"href":"https:\/\/muzeum.ostroleka.pl\/index.php?rest_route=\/wp\/v2\/posts\/2081\/revisions\/4265"}],"wp:featuredmedia":[{"embeddable":true,"href":"https:\/\/muzeum.ostroleka.pl\/index.php?rest_route=\/wp\/v2\/media\/4266"}],"wp:attachment":[{"href":"https:\/\/muzeum.ostroleka.pl\/index.php?rest_route=%2Fwp%2Fv2%2Fmedia&parent=2081"}],"wp:term":[{"taxonomy":"category","embeddable":true,"href":"https:\/\/muzeum.ostroleka.pl\/index.php?rest_route=%2Fwp%2Fv2%2Fcategories&post=2081"},{"taxonomy":"post_tag","embeddable":true,"href":"https:\/\/muzeum.ostroleka.pl\/index.php?rest_route=%2Fwp%2Fv2%2Ftags&post=2081"}],"curies":[{"name":"wp","href":"https:\/\/api.w.org\/{rel}","templated":true}]}}