{"id":2088,"date":"2014-02-25T09:00:41","date_gmt":"2014-02-25T08:00:41","guid":{"rendered":"https:\/\/muzeum.ostroleka.pl\/?p=2088"},"modified":"2020-07-09T11:41:48","modified_gmt":"2020-07-09T10:41:48","slug":"ekspozycja-powstanie-kosciuszkowskie-w-grafice-juz-otwarta","status":"publish","type":"post","link":"https:\/\/muzeum.ostroleka.pl\/?p=2088","title":{"rendered":"Ekspozycja &#8222;Powstanie ko\u015bciuszkowskie w grafice&#8221; ju\u017c otwarta"},"content":{"rendered":"<div class=\"leadArticle\">\n<p style=\"text-align: justify;\">12 marca 2014 r. min\u0119\u0142a 220. rocznica wymarszu I Wielkopolskiej Brygady Kawalerii Narodowej z&nbsp;Ostro\u0142\u0119ki w kierunku Krakowa. Wojskiem dowodzi\u0142 brygadier Antoni Madali\u0144ski, kt\u00f3ry w ten spos\u00f3b przeciwstawi\u0142 si\u0119 zapowiedzianej redukcji wojska. Przyczyni\u0142 si\u0119 tym samym do wybuchu powstania narodowego przeciw Rosji, a p\u00f3\u017aniej tak\u017ce Prusom.<\/p>\n<p style=\"text-align: justify;\">Akt powstania og\u0142oszono 24 marca 1794 r. na rynku w Krakowie. Na jego mocy funkcj\u0119 Najwy\u017cszego Naczelnika powierzono Tadeuszowi Ko\u015bciuszce i polecono zorganizowa\u0107 rz\u0105d powsta\u0144czy.<\/p>\n<\/div>\n<p style=\"text-align: justify;\">Muzeum Kultury Kurpiowskiej wpisuj\u0105c si\u0119 w obchody wybuchu powstania zorganizowa\u0142o wystaw\u0119 zatytu\u0142owan\u0105 \u201ePowstanie ko\u015bciuszkowskie w grafice\u201d. &nbsp;Prezentujemy na niej 23 grafiki , w wi\u0119kszo\u015bci autorstwa Micha\u0142 &nbsp;Stachowicza i Karola Wawrosza. Litografie te dokumentuj\u0105 umundurowanie i&nbsp;uzbrojenie \u017co\u0142nierzy powsta\u0144czych, a tak\u017ce przedstawiaj\u0105 wizerunki dow\u00f3dc\u00f3w.<\/p>\n<p style=\"text-align: justify;\">Wystawa czynna od 21 wrze\u015bnia do 19 pa\u017adziernika 2014 r.<\/p>\n","protected":false},"excerpt":{"rendered":"<p>12 marca 2014 r. min\u0119\u0142a 220. rocznica wymarszu I Wielkopolskiej Brygady Kawalerii Narodowej z&nbsp;Ostro\u0142\u0119ki w kierunku Krakowa. Wojskiem dowodzi\u0142 brygadier Antoni Madali\u0144ski, kt\u00f3ry w ten spos\u00f3b przeciwstawi\u0142 si\u0119 zapowiedzianej redukcji wojska. Przyczyni\u0142 si\u0119 tym samym do wybuchu powstania narodowego przeciw Rosji, a p\u00f3\u017aniej tak\u017ce Prusom. Akt powstania og\u0142oszono 24 marca 1794 r. na rynku w [&hellip;]<\/p>\n","protected":false},"author":3,"featured_media":4263,"comment_status":"closed","ping_status":"closed","sticky":false,"template":"","format":"standard","meta":{"_acf_changed":false,"_lmt_disableupdate":"","_lmt_disable":"","_monsterinsights_skip_tracking":false,"_monsterinsights_sitenote_active":false,"_monsterinsights_sitenote_note":"","_monsterinsights_sitenote_category":0,"ngg_post_thumbnail":0,"footnotes":""},"categories":[53],"tags":[],"class_list":["post-2088","post","type-post","status-publish","format-standard","has-post-thumbnail","hentry","category-wystawy-czasowe-archiwalne"],"acf":[],"modified_by":"Daniel Go\u0142a\u015b","_links":{"self":[{"href":"https:\/\/muzeum.ostroleka.pl\/index.php?rest_route=\/wp\/v2\/posts\/2088","targetHints":{"allow":["GET"]}}],"collection":[{"href":"https:\/\/muzeum.ostroleka.pl\/index.php?rest_route=\/wp\/v2\/posts"}],"about":[{"href":"https:\/\/muzeum.ostroleka.pl\/index.php?rest_route=\/wp\/v2\/types\/post"}],"author":[{"embeddable":true,"href":"https:\/\/muzeum.ostroleka.pl\/index.php?rest_route=\/wp\/v2\/users\/3"}],"replies":[{"embeddable":true,"href":"https:\/\/muzeum.ostroleka.pl\/index.php?rest_route=%2Fwp%2Fv2%2Fcomments&post=2088"}],"version-history":[{"count":1,"href":"https:\/\/muzeum.ostroleka.pl\/index.php?rest_route=\/wp\/v2\/posts\/2088\/revisions"}],"predecessor-version":[{"id":2089,"href":"https:\/\/muzeum.ostroleka.pl\/index.php?rest_route=\/wp\/v2\/posts\/2088\/revisions\/2089"}],"wp:featuredmedia":[{"embeddable":true,"href":"https:\/\/muzeum.ostroleka.pl\/index.php?rest_route=\/wp\/v2\/media\/4263"}],"wp:attachment":[{"href":"https:\/\/muzeum.ostroleka.pl\/index.php?rest_route=%2Fwp%2Fv2%2Fmedia&parent=2088"}],"wp:term":[{"taxonomy":"category","embeddable":true,"href":"https:\/\/muzeum.ostroleka.pl\/index.php?rest_route=%2Fwp%2Fv2%2Fcategories&post=2088"},{"taxonomy":"post_tag","embeddable":true,"href":"https:\/\/muzeum.ostroleka.pl\/index.php?rest_route=%2Fwp%2Fv2%2Ftags&post=2088"}],"curies":[{"name":"wp","href":"https:\/\/api.w.org\/{rel}","templated":true}]}}