{"id":2090,"date":"2014-02-28T09:00:57","date_gmt":"2014-02-28T08:00:57","guid":{"rendered":"https:\/\/muzeum.ostroleka.pl\/?p=2090"},"modified":"2020-07-09T11:33:04","modified_gmt":"2020-07-09T10:33:04","slug":"mija-okres-prezentacji-wystawy-stutthof-1939-1945-historia-i-jej-swiadkowe","status":"publish","type":"post","link":"https:\/\/muzeum.ostroleka.pl\/?p=2090","title":{"rendered":"Mija okres prezentacji wystawy \u201eStutthof 1939 \u2013 1945. Historia i jej \u015bwiadkowe\u201d"},"content":{"rendered":"<div class=\"leadArticle\">\n<p style=\"text-align: justify;\">Jeszcze tylko do pi\u0105tku, 7 listopada, mo\u017cna zwiedza\u0107 ekspozycj\u0119 pt.&nbsp;\u201eStutthof 1939 \u2013 1945. Historia i jej \u015bwiadkowe\u201d kt\u00f3r\u0105 otwarto w&nbsp;naszym muzeum w&nbsp;70. rocznic\u0119 pacyfikacji wsi Bandysie. Wystawa upami\u0119tnia tragiczne wydarzenia z 3.X.1944 roku dotycz\u0105ce pacyfikacji &#8211; aresztowano w\u00f3wczas 120&nbsp;m\u0119\u017cczyzn i wywieziono do obozu koncentracyjnego Stutthof.<\/p>\n<\/div>\n<p style=\"text-align: justify;\">Wernisa\u017c wystawy \u201eStutthof 1939 \u2013 1945. Historia i jej \u015bwiadkowe\u201d, by\u0142 jednym z element\u00f3w trzydniowych obchod\u00f3w tragicznej rocznicy pa\u017adziernikowych wydarze\u0144 44. roku. W dniach 3-5 pa\u017adziernika w&nbsp;Bandysiach oraz na terenie naszego muzeum odbywa\u0142o si\u0119 szereg uroczysto\u015bci, podczas kt\u00f3rych wspominano wydarzenia sprzed siedemdziesi\u0119ciu lat oraz od\u015bpiewywano pie\u015bni \u017ca\u0142obne w wykonaniu wiejskich \u015bpiewak\u00f3w pogrzebowych. W niedziel\u0119, 5 pa\u017adziernika, w Bandysiach mia\u0142o miejsce zako\u0144czenie obchod\u00f3w, gdzie odby\u0142a si\u0119 uroczysta msza \u015bwi\u0119ta z Apelem Poleg\u0142ych. W miejskach pami\u0119ci z\u0142o\u017cono r\u00f3wnie\u017c kwiaty, a ca\u0142o\u015b\u0107 uroczysto\u015bci zwie\u0144czy\u0142a cz\u0119\u015b\u0107 artystyczna w wykonaniu uczni\u00f3w szk\u00f3\u0142 z gminy Czarnia oraz wyst\u0105pienia zaproszonych go\u015bci.<\/p>\n","protected":false},"excerpt":{"rendered":"<p>Jeszcze tylko do pi\u0105tku, 7 listopada, mo\u017cna zwiedza\u0107 ekspozycj\u0119 pt.&nbsp;\u201eStutthof 1939 \u2013 1945. Historia i jej \u015bwiadkowe\u201d kt\u00f3r\u0105 otwarto w&nbsp;naszym muzeum w&nbsp;70. rocznic\u0119 pacyfikacji wsi Bandysie. Wystawa upami\u0119tnia tragiczne wydarzenia z 3.X.1944 roku dotycz\u0105ce pacyfikacji &#8211; aresztowano w\u00f3wczas 120&nbsp;m\u0119\u017cczyzn i wywieziono do obozu koncentracyjnego Stutthof. Wernisa\u017c wystawy \u201eStutthof 1939 \u2013 1945. Historia i jej \u015bwiadkowe\u201d, [&hellip;]<\/p>\n","protected":false},"author":3,"featured_media":4262,"comment_status":"closed","ping_status":"closed","sticky":false,"template":"","format":"standard","meta":{"_acf_changed":false,"_lmt_disableupdate":"","_lmt_disable":"","_monsterinsights_skip_tracking":false,"_monsterinsights_sitenote_active":false,"_monsterinsights_sitenote_note":"","_monsterinsights_sitenote_category":0,"ngg_post_thumbnail":0,"footnotes":""},"categories":[53],"tags":[],"class_list":["post-2090","post","type-post","status-publish","format-standard","has-post-thumbnail","hentry","category-wystawy-czasowe-archiwalne"],"acf":[],"modified_by":"Daniel Go\u0142a\u015b","_links":{"self":[{"href":"https:\/\/muzeum.ostroleka.pl\/index.php?rest_route=\/wp\/v2\/posts\/2090","targetHints":{"allow":["GET"]}}],"collection":[{"href":"https:\/\/muzeum.ostroleka.pl\/index.php?rest_route=\/wp\/v2\/posts"}],"about":[{"href":"https:\/\/muzeum.ostroleka.pl\/index.php?rest_route=\/wp\/v2\/types\/post"}],"author":[{"embeddable":true,"href":"https:\/\/muzeum.ostroleka.pl\/index.php?rest_route=\/wp\/v2\/users\/3"}],"replies":[{"embeddable":true,"href":"https:\/\/muzeum.ostroleka.pl\/index.php?rest_route=%2Fwp%2Fv2%2Fcomments&post=2090"}],"version-history":[{"count":1,"href":"https:\/\/muzeum.ostroleka.pl\/index.php?rest_route=\/wp\/v2\/posts\/2090\/revisions"}],"predecessor-version":[{"id":2091,"href":"https:\/\/muzeum.ostroleka.pl\/index.php?rest_route=\/wp\/v2\/posts\/2090\/revisions\/2091"}],"wp:featuredmedia":[{"embeddable":true,"href":"https:\/\/muzeum.ostroleka.pl\/index.php?rest_route=\/wp\/v2\/media\/4262"}],"wp:attachment":[{"href":"https:\/\/muzeum.ostroleka.pl\/index.php?rest_route=%2Fwp%2Fv2%2Fmedia&parent=2090"}],"wp:term":[{"taxonomy":"category","embeddable":true,"href":"https:\/\/muzeum.ostroleka.pl\/index.php?rest_route=%2Fwp%2Fv2%2Fcategories&post=2090"},{"taxonomy":"post_tag","embeddable":true,"href":"https:\/\/muzeum.ostroleka.pl\/index.php?rest_route=%2Fwp%2Fv2%2Ftags&post=2090"}],"curies":[{"name":"wp","href":"https:\/\/api.w.org\/{rel}","templated":true}]}}