{"id":2092,"date":"2014-03-01T09:00:10","date_gmt":"2014-03-01T08:00:10","guid":{"rendered":"https:\/\/muzeum.ostroleka.pl\/?p=2092"},"modified":"2020-07-09T11:29:24","modified_gmt":"2020-07-09T10:29:24","slug":"wystawa-kolberg-i-inni-otwarta","status":"publish","type":"post","link":"https:\/\/muzeum.ostroleka.pl\/?p=2092","title":{"rendered":"Wystawa &#8222;Kolberg i inni&#8221; otwarta!"},"content":{"rendered":"<div class=\"leadArticle\">\n<p style=\"text-align: justify;\">Zapraszamy do zwiedzania wystawy \u201eKolberg i inni\u201d, kt\u00f3rej wernisa\u017c odby\u0142 si\u0119 17 listopada br. Spotkaniu towarzyszy\u0142 niepowtarzalny koncert pt. \u201eMuzyka nasza domowa [\u2026]\u201d. Wystaw\u0119 zorganizowano w ramach Og\u00f3lnopolskich Obchod\u00f3w Roku Oskara Kolberga.<\/p>\n<\/div>\n<p style=\"text-align: justify;\">Podczas koncertu w wykonaniu Justyny St\u0119pie\u0144- Grozdew &#8211; \u015bpiew, Rafa\u0142a Grozdew -tenor, Ma\u0142gorzaty Szarlik &#8211; skrzypce, Micha\u0142a Wo\u017aniaka &#8211; kontrabas, Roberta Lipki \u2013 akordeon, &nbsp;us\u0142ysze\u0107 &nbsp;mo\u017cna by\u0142o pie\u015bni ze zbior\u00f3w Oskara Kolberga, ks. W\u0142adys\u0142awa Skierkowskiego, a tak\u017ce inne, odkryte na nowo i&nbsp;zinterpretowane, ludowe utwory instrumentalne.<\/p>\n<p style=\"text-align: justify;\">Ekspozycja \u201eKolberg i inni\u201d prezentuje sylwetki i dokonania naukowe etnograf\u00f3w oraz badaczy regionu kurpiowskiego. Obok publikacji Oskara Kolberga, Adama Ch\u0119tnika, ks. W\u0142adys\u0142awa Skierkowskiego, Marii \u017bywirskiej i innych, na wystawie znalaz\u0142y si\u0119 materia\u0142y z bada\u0144 terenowych: zapiski wywiad\u00f3w, karty, rysunki oraz fotografie ukazuj\u0105ce kulisy organizowanych na Kurpiach w latach 50. XX w.&nbsp;Mi\u0119dzyuczelnianych Oboz\u00f3w Etnograficznych. Ca\u0142o\u015b\u0107 uzupe\u0142niaj\u0105 muzealia oraz dokumentacja bada\u0144 prowadzonych przez pracownik\u00f3w Muzeum Okr\u0119gowego w Ostro\u0142\u0119ce w latach 80. XX w.<\/p>\n<p style=\"text-align: justify;\">Wystawa \u201eKolberg i inni\u201d b\u0119dzie czynna do 25 stycznia 2015 roku.<\/p>\n","protected":false},"excerpt":{"rendered":"<p>Zapraszamy do zwiedzania wystawy \u201eKolberg i inni\u201d, kt\u00f3rej wernisa\u017c odby\u0142 si\u0119 17 listopada br. Spotkaniu towarzyszy\u0142 niepowtarzalny koncert pt. \u201eMuzyka nasza domowa [\u2026]\u201d. Wystaw\u0119 zorganizowano w ramach Og\u00f3lnopolskich Obchod\u00f3w Roku Oskara Kolberga. Podczas koncertu w wykonaniu Justyny St\u0119pie\u0144- Grozdew &#8211; \u015bpiew, Rafa\u0142a Grozdew -tenor, Ma\u0142gorzaty Szarlik &#8211; skrzypce, Micha\u0142a Wo\u017aniaka &#8211; kontrabas, Roberta Lipki \u2013 [&hellip;]<\/p>\n","protected":false},"author":3,"featured_media":4261,"comment_status":"closed","ping_status":"closed","sticky":false,"template":"","format":"standard","meta":{"_acf_changed":false,"_lmt_disableupdate":"","_lmt_disable":"","_monsterinsights_skip_tracking":false,"_monsterinsights_sitenote_active":false,"_monsterinsights_sitenote_note":"","_monsterinsights_sitenote_category":0,"ngg_post_thumbnail":0,"footnotes":""},"categories":[53],"tags":[],"class_list":["post-2092","post","type-post","status-publish","format-standard","has-post-thumbnail","hentry","category-wystawy-czasowe-archiwalne"],"acf":[],"modified_by":"Daniel Go\u0142a\u015b","_links":{"self":[{"href":"https:\/\/muzeum.ostroleka.pl\/index.php?rest_route=\/wp\/v2\/posts\/2092","targetHints":{"allow":["GET"]}}],"collection":[{"href":"https:\/\/muzeum.ostroleka.pl\/index.php?rest_route=\/wp\/v2\/posts"}],"about":[{"href":"https:\/\/muzeum.ostroleka.pl\/index.php?rest_route=\/wp\/v2\/types\/post"}],"author":[{"embeddable":true,"href":"https:\/\/muzeum.ostroleka.pl\/index.php?rest_route=\/wp\/v2\/users\/3"}],"replies":[{"embeddable":true,"href":"https:\/\/muzeum.ostroleka.pl\/index.php?rest_route=%2Fwp%2Fv2%2Fcomments&post=2092"}],"version-history":[{"count":2,"href":"https:\/\/muzeum.ostroleka.pl\/index.php?rest_route=\/wp\/v2\/posts\/2092\/revisions"}],"predecessor-version":[{"id":2624,"href":"https:\/\/muzeum.ostroleka.pl\/index.php?rest_route=\/wp\/v2\/posts\/2092\/revisions\/2624"}],"wp:featuredmedia":[{"embeddable":true,"href":"https:\/\/muzeum.ostroleka.pl\/index.php?rest_route=\/wp\/v2\/media\/4261"}],"wp:attachment":[{"href":"https:\/\/muzeum.ostroleka.pl\/index.php?rest_route=%2Fwp%2Fv2%2Fmedia&parent=2092"}],"wp:term":[{"taxonomy":"category","embeddable":true,"href":"https:\/\/muzeum.ostroleka.pl\/index.php?rest_route=%2Fwp%2Fv2%2Fcategories&post=2092"},{"taxonomy":"post_tag","embeddable":true,"href":"https:\/\/muzeum.ostroleka.pl\/index.php?rest_route=%2Fwp%2Fv2%2Ftags&post=2092"}],"curies":[{"name":"wp","href":"https:\/\/api.w.org\/{rel}","templated":true}]}}