{"id":2094,"date":"2014-03-02T09:00:27","date_gmt":"2014-03-02T08:00:27","guid":{"rendered":"https:\/\/muzeum.ostroleka.pl\/?p=2094"},"modified":"2020-07-09T11:15:15","modified_gmt":"2020-07-09T10:15:15","slug":"malarstwo-polskie-na-nowej-wystawie-czasowej","status":"publish","type":"post","link":"https:\/\/muzeum.ostroleka.pl\/?p=2094","title":{"rendered":"Malarstwo polskie na nowej wystawie czasowej"},"content":{"rendered":"<div class=\"leadArticle\">\n<p style=\"text-align: justify;\">Zapraszamy na wernisa\u017c wystawy &#8222;<strong>Malarstwo polskie XIX i XX wieku. Monachium &#8211; Wilno &#8211; Krak\u00f3w&#8221;<\/strong>, kt\u00f3ry odb\u0119dzie si\u0119&nbsp;<strong>1 lutego 2015 o godz. 17.00<\/strong>&nbsp;w Muzeum przy placu gen. J. Bema 8.<\/p>\n<p style=\"text-align: justify;\">Zaprezentowane prace pochodz\u0105 ze zbior\u00f3w Muzeum Okr\u0119gowego w&nbsp;Suwa\u0142kach.&nbsp;<\/p>\n<\/div>\n<p style=\"text-align: justify;\">Na wystawie \u201eMalarstwo polskie XIX i XX wieku. Monachium-Wilno-Krak\u00f3w&#8221; zaprezentujemy prace polskich malarzy zwi\u0105zanych ze \u015brodowiskami artystycznymi w Monachium, Wilnie i Krakowie. Na ekspozycji mo\u017cna b\u0119dzie podziwia\u0107 tw\u00f3rczo\u015b\u0107 m.in. Zdzis\u0142awa Suchodolskiego, J\u00f3zefa Che\u0142mo\u0144skiego, Romana Kochanowskiego, Tymona Niesio\u0142owskiego, Czes\u0142awa Wierusza-Kowalskiego, Leona Wycz\u00f3\u0142kowskiego, Juliana Fa\u0142ata, Jana Stanis\u0142awskiego, Jacka Malczewskiego oraz innych artyst\u00f3w, w&nbsp;r\u00f3\u017cnym stopniu zwi\u0105zanych z tzw. szko\u0142\u0105 monachijsk\u0105. Cechami wsp\u00f3lnymi \u0142\u0105cz\u0105cymi tych artyst\u00f3w s\u0105 przede wszystkim realistyczne tendencje, uchwycenie melancholijnej nastrojowo\u015bci oraz sk\u0142onno\u015b\u0107 do stosowania ciemnej lecz niezwykle harmonijnej palety barwnej. Najliczniejsz\u0105 grup\u0119 z wystawianych przez nas obraz\u00f3w stanowi\u0105 przede wszystkim pejza\u017ce, ale nie brakuje tak\u017ce p\u0142\u00f3cien o tematyce rodzajowej, portretowej oraz martwych natur.<br \/>\nWystaw\u0119 b\u0119dzie mo\u017cna zwiedza\u0107 od 1 lutego do 3 maja 2015 roku w Muzeum Kultury Kurpiowskiej w&nbsp;Ostro\u0142\u0119ce.<\/p>\n","protected":false},"excerpt":{"rendered":"<p>Zapraszamy na wernisa\u017c wystawy &#8222;Malarstwo polskie XIX i XX wieku. Monachium &#8211; Wilno &#8211; Krak\u00f3w&#8221;, kt\u00f3ry odb\u0119dzie si\u0119&nbsp;1 lutego 2015 o godz. 17.00&nbsp;w Muzeum przy placu gen. J. Bema 8. Zaprezentowane prace pochodz\u0105 ze zbior\u00f3w Muzeum Okr\u0119gowego w&nbsp;Suwa\u0142kach.&nbsp; Na wystawie \u201eMalarstwo polskie XIX i XX wieku. Monachium-Wilno-Krak\u00f3w&#8221; zaprezentujemy prace polskich malarzy zwi\u0105zanych ze \u015brodowiskami artystycznymi [&hellip;]<\/p>\n","protected":false},"author":3,"featured_media":4260,"comment_status":"closed","ping_status":"closed","sticky":false,"template":"","format":"standard","meta":{"_acf_changed":false,"_lmt_disableupdate":"","_lmt_disable":"","_monsterinsights_skip_tracking":false,"_monsterinsights_sitenote_active":false,"_monsterinsights_sitenote_note":"","_monsterinsights_sitenote_category":0,"ngg_post_thumbnail":0,"footnotes":""},"categories":[53],"tags":[],"class_list":["post-2094","post","type-post","status-publish","format-standard","has-post-thumbnail","hentry","category-wystawy-czasowe-archiwalne"],"acf":[],"modified_by":"Daniel Go\u0142a\u015b","_links":{"self":[{"href":"https:\/\/muzeum.ostroleka.pl\/index.php?rest_route=\/wp\/v2\/posts\/2094","targetHints":{"allow":["GET"]}}],"collection":[{"href":"https:\/\/muzeum.ostroleka.pl\/index.php?rest_route=\/wp\/v2\/posts"}],"about":[{"href":"https:\/\/muzeum.ostroleka.pl\/index.php?rest_route=\/wp\/v2\/types\/post"}],"author":[{"embeddable":true,"href":"https:\/\/muzeum.ostroleka.pl\/index.php?rest_route=\/wp\/v2\/users\/3"}],"replies":[{"embeddable":true,"href":"https:\/\/muzeum.ostroleka.pl\/index.php?rest_route=%2Fwp%2Fv2%2Fcomments&post=2094"}],"version-history":[{"count":2,"href":"https:\/\/muzeum.ostroleka.pl\/index.php?rest_route=\/wp\/v2\/posts\/2094\/revisions"}],"predecessor-version":[{"id":4259,"href":"https:\/\/muzeum.ostroleka.pl\/index.php?rest_route=\/wp\/v2\/posts\/2094\/revisions\/4259"}],"wp:featuredmedia":[{"embeddable":true,"href":"https:\/\/muzeum.ostroleka.pl\/index.php?rest_route=\/wp\/v2\/media\/4260"}],"wp:attachment":[{"href":"https:\/\/muzeum.ostroleka.pl\/index.php?rest_route=%2Fwp%2Fv2%2Fmedia&parent=2094"}],"wp:term":[{"taxonomy":"category","embeddable":true,"href":"https:\/\/muzeum.ostroleka.pl\/index.php?rest_route=%2Fwp%2Fv2%2Fcategories&post=2094"},{"taxonomy":"post_tag","embeddable":true,"href":"https:\/\/muzeum.ostroleka.pl\/index.php?rest_route=%2Fwp%2Fv2%2Ftags&post=2094"}],"curies":[{"name":"wp","href":"https:\/\/api.w.org\/{rel}","templated":true}]}}