{"id":2097,"date":"2015-05-09T09:00:47","date_gmt":"2015-05-09T08:00:47","guid":{"rendered":"https:\/\/muzeum.ostroleka.pl\/?p=2097"},"modified":"2020-07-09T11:07:26","modified_gmt":"2020-07-09T10:07:26","slug":"ja-hucul-opowiesc-z-karpat-wschodnich-na-wernisazu-nowej-wystawy-czasowej-2","status":"publish","type":"post","link":"https:\/\/muzeum.ostroleka.pl\/?p=2097","title":{"rendered":"\u201eJa, Hucu\u0142 \u2013 opowie\u015b\u0107 z Karpat Wschodnich\u201d na wernisa\u017cu nowej wystawy czasowej"},"content":{"rendered":"<div class=\"leadArticle\">\n<p style=\"text-align: justify;\">Otwarciu wystawy \u201eHuculszczyzna. Obraz zatrzymany. Wizerunek Hucu\u0142\u00f3w i&nbsp;Huculszczyzny w&nbsp;archiwaliach i fotografiach z XIX i XX wieku\u201d, kt\u00f3re odby\u0142o si\u0119 8 maja 2015 roku (pi\u0105tek) towarzyszy\u0142a projekcja filmu dokumentalnego pt.&nbsp;<em><strong>\u201eJa, Hucu\u0142 \u2013 opowie\u015b\u0107 z Karpat Wschodnich\u201d&nbsp;<\/strong><\/em>w&nbsp;re\u017cyserii Danuty Buchczyk i Jerzego Ko\u0142odziejczyka z 2004 roku.<\/p>\n<\/div>\n<p style=\"text-align: justify;\"><em>\u201eJa, Hucu\u0142 \u2013 opowie\u015b\u0107 z Karpat Wschodnich\u201d<\/em>&nbsp;przedstawia obraz Hucu\u0142\u00f3w zamieszkuj\u0105cych ukrai\u0144skie Karpaty Wschodnie (Czarnohora). Poprzez oddalenie od cywilizacji i podporz\u0105dkowanie prawom natury, Huculi wiod\u0105 \u017cycie zgodne z tradycj\u0105. Mimo wszelkich trudno\u015bci i \u015bwiadomo\u015bci, \u017ce gdzie indziej \u017cyje si\u0119 \u0142atwiej, wielu z nich nie chce opuszcza\u0107 rodzinnej Huculszczyzny. Sami m\u00f3wi\u0105 o magicznej mocy g\u00f3r, kt\u00f3ra nie pozwala nikomu st\u0105d wyjecha\u0107. Ich los kszta\u0142tuj\u0105 dwa podstawowe czynniki: ci\u0119\u017cka praca fizyczna i tradycja. Ka\u017cdemu z wa\u017cnych moment\u00f3w \u017cycia, jak chrzest, wesele, czy pogrzeb towarzysz\u0105 tradycyjne obrz\u0119dy, w kt\u00f3rych uczestniczy zazwyczaj ca\u0142a wie\u015b.<\/p>\n<p style=\"text-align: justify;\">W filmie by\u0142o mo\u017cna us\u0142ysze\u0107 m.in. muzyk\u0119 jednego z najznakomitszych karpackich multiinstrumentalist\u00f3w &#8211;&nbsp;<strong>Romana Kum\u0142yka<\/strong>, nierzadko nazywanego piewc\u0105 Huculszczyzny. Ten propagator huculskiego folkloru, za\u0142o\u017cyciel prywatnego muzeum, by\u0142 jednym z najbardziej znanych wsp\u00f3\u0142czesnych muzyk\u00f3w huculskich. W prowadzonej przez siebie kapeli &#8222;Czeremosz&#8221; Roman Kum\u0142yk gra\u0142 na skrzypcach i instrumentach d\u0119tych &#8211; dwojnicy, sopi\u0142ce, telence i dudach. Towarzyszy\u0142y mu bajan, cymba\u0142y oraz b\u0119ben.<\/p>\n<p style=\"text-align: justify;\">Cz\u0119\u015bci\u0105 ekspozycji jest r\u00f3wnie\u017c zbi\u00f3r film\u00f3w i reporta\u017cy archiwalnych poruszaj\u0105cych temat Huculszczyzny w latach 20-30tych XX wieku. Zestaw zebrany i opracowany przez Krzysztofa Krzy\u017canowskiego.<\/p>\n<p style=\"text-align: justify;\">Wszystkich tych, kt\u00f3rzy chc\u0105 wybra\u0107 si\u0119 w t\u0119 niezwyk\u0142\u0105 podr\u00f3\u017c na Huculszczyzn\u0119 zapraszamy do odwiedzenia Muzeum Kultury Kurpiowskiej w Ostro\u0142\u0119ce.od&nbsp;<strong>8 maja do 14 czerwca 2015 roku<\/strong>.<\/p>\n","protected":false},"excerpt":{"rendered":"<p>Otwarciu wystawy \u201eHuculszczyzna. Obraz zatrzymany. Wizerunek Hucu\u0142\u00f3w i&nbsp;Huculszczyzny w&nbsp;archiwaliach i fotografiach z XIX i XX wieku\u201d, kt\u00f3re odby\u0142o si\u0119 8 maja 2015 roku (pi\u0105tek) towarzyszy\u0142a projekcja filmu dokumentalnego pt.&nbsp;\u201eJa, Hucu\u0142 \u2013 opowie\u015b\u0107 z Karpat Wschodnich\u201d&nbsp;w&nbsp;re\u017cyserii Danuty Buchczyk i Jerzego Ko\u0142odziejczyka z 2004 roku. \u201eJa, Hucu\u0142 \u2013 opowie\u015b\u0107 z Karpat Wschodnich\u201d&nbsp;przedstawia obraz Hucu\u0142\u00f3w zamieszkuj\u0105cych ukrai\u0144skie Karpaty [&hellip;]<\/p>\n","protected":false},"author":3,"featured_media":4253,"comment_status":"closed","ping_status":"closed","sticky":false,"template":"","format":"standard","meta":{"_acf_changed":false,"_lmt_disableupdate":"","_lmt_disable":"","_monsterinsights_skip_tracking":false,"_monsterinsights_sitenote_active":false,"_monsterinsights_sitenote_note":"","_monsterinsights_sitenote_category":0,"ngg_post_thumbnail":0,"footnotes":""},"categories":[53],"tags":[],"class_list":["post-2097","post","type-post","status-publish","format-standard","has-post-thumbnail","hentry","category-wystawy-czasowe-archiwalne"],"acf":[],"modified_by":"Daniel Go\u0142a\u015b","_links":{"self":[{"href":"https:\/\/muzeum.ostroleka.pl\/index.php?rest_route=\/wp\/v2\/posts\/2097","targetHints":{"allow":["GET"]}}],"collection":[{"href":"https:\/\/muzeum.ostroleka.pl\/index.php?rest_route=\/wp\/v2\/posts"}],"about":[{"href":"https:\/\/muzeum.ostroleka.pl\/index.php?rest_route=\/wp\/v2\/types\/post"}],"author":[{"embeddable":true,"href":"https:\/\/muzeum.ostroleka.pl\/index.php?rest_route=\/wp\/v2\/users\/3"}],"replies":[{"embeddable":true,"href":"https:\/\/muzeum.ostroleka.pl\/index.php?rest_route=%2Fwp%2Fv2%2Fcomments&post=2097"}],"version-history":[{"count":2,"href":"https:\/\/muzeum.ostroleka.pl\/index.php?rest_route=\/wp\/v2\/posts\/2097\/revisions"}],"predecessor-version":[{"id":4254,"href":"https:\/\/muzeum.ostroleka.pl\/index.php?rest_route=\/wp\/v2\/posts\/2097\/revisions\/4254"}],"wp:featuredmedia":[{"embeddable":true,"href":"https:\/\/muzeum.ostroleka.pl\/index.php?rest_route=\/wp\/v2\/media\/4253"}],"wp:attachment":[{"href":"https:\/\/muzeum.ostroleka.pl\/index.php?rest_route=%2Fwp%2Fv2%2Fmedia&parent=2097"}],"wp:term":[{"taxonomy":"category","embeddable":true,"href":"https:\/\/muzeum.ostroleka.pl\/index.php?rest_route=%2Fwp%2Fv2%2Fcategories&post=2097"},{"taxonomy":"post_tag","embeddable":true,"href":"https:\/\/muzeum.ostroleka.pl\/index.php?rest_route=%2Fwp%2Fv2%2Ftags&post=2097"}],"curies":[{"name":"wp","href":"https:\/\/api.w.org\/{rel}","templated":true}]}}