{"id":2099,"date":"2015-05-08T09:00:29","date_gmt":"2015-05-08T08:00:29","guid":{"rendered":"https:\/\/muzeum.ostroleka.pl\/?p=2099"},"modified":"2020-07-09T11:10:16","modified_gmt":"2020-07-09T10:10:16","slug":"huculszczyzna-obraz-zatrzymany-wizerunek-huculow-i-huculszczyzny-w-archiwaliach-i-fotografiach-xix-i-xx-wieku-wystawa-czasowa","status":"publish","type":"post","link":"https:\/\/muzeum.ostroleka.pl\/?p=2099","title":{"rendered":"\u201eHuculszczyzna. Obraz zatrzymany. Wizerunek Hucu\u0142\u00f3w i Huculszczyzny w archiwaliach i fotografiach XIX i XX wieku\u201d \u2013 wystawa czasowa"},"content":{"rendered":"<div class=\"leadArticle\">\n<p style=\"text-align: justify;\">Od 8 maja do 14 czerwca 2015 roku, w Muzeum Kultury Kurpiowskiej czynna jest wystawa pt.<strong>&#8222;Huculszczyzna. Obraz zatrzymany. Wizerunek Hucu\u0142\u00f3w i&nbsp;Huculszczyzny w archiwaliach i fotografiach z&nbsp;XIX i XX wieku&#8221;<\/strong>. Ekspozycja, pochodz\u0105ca ze zbior\u00f3w Pa\u0144stwowego Muzeum Etnograficznego w Warszawie, po\u015bwi\u0119cona jest krainie le\u017c\u0105cej u st\u00f3p Czarnohory i Gorgan\u00f3w. Od czas\u00f3w Kazimierza Wielkiego do 1945 roku Huculszczyzna znajdowa\u0142a si\u0119 w granicach Rzeczypospolitej z wyj\u0105tkiem okresu rozbior\u00f3w, kiedy wchodzi\u0142a w sk\u0142ad zaboru austriackiego. Obecnie le\u017cy prawie w ca\u0142o\u015bci w granicach Ukrainy (cz\u0119\u015b\u0107 po\u0142udniowa Huculszczyzny znajduje si\u0119 na Bukowinie Rumu\u0144skiej).<\/p>\n<\/div>\n<p style=\"text-align: justify;\">Mieszka\u0144cy tych ziem, nazwani Hucu\u0142ami, s\u0105 jedn\u0105 z najbardziej fascynuj\u0105cych grup etnicznych Europy. Tu\u017c obok \u0141emk\u00f3w i Bojk\u00f3w, jest to jedna z trzech grup g\u00f3rali ruskich zamieszkuj\u0105cych Karpaty. \u017bywio\u0142em osadniczym Huculszczyzny byli wo\u0142oscy pasterze przybyli z po\u0142udnia Europy. Na ziemiach tych miesza\u0142y si\u0119 elementy r\u00f3\u017cnych kultur, m.in. kultura ukrai\u0144ska, rumu\u0144ska, polska, w\u0119gierska, cyga\u0144ska a nawet tatarska i turecka. Podstaw\u0105 by\u0142a hodowla i zwi\u0105zane z ni\u0105 pasterstwo oraz prace w lesie. Do dzi\u015b swoj\u0105 kulturow\u0105 odr\u0119bno\u015bci\u0105 i bogatym folklorem, Huculi przyci\u0105gaj\u0105 rzesze turyst\u00f3w i \u0142owc\u00f3w oryginalnych tradycji.<\/p>\n<p style=\"text-align: justify;\">Huculszczyzn\u0119 ko\u0144ca XIX wieku i pierwszej po\u0142owy XX wieku poznajemy na wystawie za po\u015brednictwem starych fotografii, grafik, poczt\u00f3wek oraz przedmiot\u00f3w codziennego u\u017cytku. Niniejsza wystawa, jest swoistym odzwierciedleniem r\u00f3\u017cnorodno\u015bci kulturowej i kresowego klimatu tamtych teren\u00f3w, to sentymentalna podr\u00f3\u017c do rejonu Karpat Wschodnich. Prezentowane s\u0105 na niej przyk\u0142ady najciekawszych zabytk\u00f3w i r\u0119kodzie\u0142a huculskiego: ceramiki, stroj\u00f3w, tkanin, bi\u017cuterii oraz drewnianych przedmiot\u00f3w ozdobionych intarsj\u0105 i inkrustacj\u0105. Wystawa jest r\u00f3wnie\u017c wzbogacona o film \u2013 monta\u017c film\u00f3w dokumentalnych i reporta\u017cy pochodz\u0105cych dwudziestolecia mi\u0119dzywojennego.&nbsp;<br \/>\nWystawa czynna od 8 maja do 14 czerwca 2015 roku.&nbsp;<br \/>\n&nbsp;&nbsp; &nbsp;&nbsp;&nbsp; &nbsp;<br \/>\n<em>Wystawa ze zbior\u00f3w Pa\u0144stwowego Muzeum Etnograficznego w Warszawie<\/em><br \/>\n<em>Scenariusz wystawy: Joanna Bartuszek (Pa\u0144stwowe Muzeum Etnograficzne w Warszawie)<\/em><br \/>\n<em>Kurator wystawy: Gra\u017cyna Talarek (Muzeum Kultury Kurpiowskiej)<\/em><\/p>\n","protected":false},"excerpt":{"rendered":"<p>Od 8 maja do 14 czerwca 2015 roku, w Muzeum Kultury Kurpiowskiej czynna jest wystawa pt.&#8222;Huculszczyzna. Obraz zatrzymany. Wizerunek Hucu\u0142\u00f3w i&nbsp;Huculszczyzny w archiwaliach i fotografiach z&nbsp;XIX i XX wieku&#8221;. Ekspozycja, pochodz\u0105ca ze zbior\u00f3w Pa\u0144stwowego Muzeum Etnograficznego w Warszawie, po\u015bwi\u0119cona jest krainie le\u017c\u0105cej u st\u00f3p Czarnohory i Gorgan\u00f3w. Od czas\u00f3w Kazimierza Wielkiego do 1945 roku Huculszczyzna [&hellip;]<\/p>\n","protected":false},"author":3,"featured_media":4255,"comment_status":"closed","ping_status":"closed","sticky":false,"template":"","format":"standard","meta":{"_acf_changed":false,"_lmt_disableupdate":"","_lmt_disable":"","_monsterinsights_skip_tracking":false,"_monsterinsights_sitenote_active":false,"_monsterinsights_sitenote_note":"","_monsterinsights_sitenote_category":0,"ngg_post_thumbnail":0,"footnotes":""},"categories":[53],"tags":[],"class_list":["post-2099","post","type-post","status-publish","format-standard","has-post-thumbnail","hentry","category-wystawy-czasowe-archiwalne"],"acf":[],"modified_by":"Daniel Go\u0142a\u015b","_links":{"self":[{"href":"https:\/\/muzeum.ostroleka.pl\/index.php?rest_route=\/wp\/v2\/posts\/2099","targetHints":{"allow":["GET"]}}],"collection":[{"href":"https:\/\/muzeum.ostroleka.pl\/index.php?rest_route=\/wp\/v2\/posts"}],"about":[{"href":"https:\/\/muzeum.ostroleka.pl\/index.php?rest_route=\/wp\/v2\/types\/post"}],"author":[{"embeddable":true,"href":"https:\/\/muzeum.ostroleka.pl\/index.php?rest_route=\/wp\/v2\/users\/3"}],"replies":[{"embeddable":true,"href":"https:\/\/muzeum.ostroleka.pl\/index.php?rest_route=%2Fwp%2Fv2%2Fcomments&post=2099"}],"version-history":[{"count":2,"href":"https:\/\/muzeum.ostroleka.pl\/index.php?rest_route=\/wp\/v2\/posts\/2099\/revisions"}],"predecessor-version":[{"id":4256,"href":"https:\/\/muzeum.ostroleka.pl\/index.php?rest_route=\/wp\/v2\/posts\/2099\/revisions\/4256"}],"wp:featuredmedia":[{"embeddable":true,"href":"https:\/\/muzeum.ostroleka.pl\/index.php?rest_route=\/wp\/v2\/media\/4255"}],"wp:attachment":[{"href":"https:\/\/muzeum.ostroleka.pl\/index.php?rest_route=%2Fwp%2Fv2%2Fmedia&parent=2099"}],"wp:term":[{"taxonomy":"category","embeddable":true,"href":"https:\/\/muzeum.ostroleka.pl\/index.php?rest_route=%2Fwp%2Fv2%2Fcategories&post=2099"},{"taxonomy":"post_tag","embeddable":true,"href":"https:\/\/muzeum.ostroleka.pl\/index.php?rest_route=%2Fwp%2Fv2%2Ftags&post=2099"}],"curies":[{"name":"wp","href":"https:\/\/api.w.org\/{rel}","templated":true}]}}