{"id":2103,"date":"2014-03-10T13:54:48","date_gmt":"2014-03-10T12:54:48","guid":{"rendered":"https:\/\/muzeum.ostroleka.pl\/?p=2103"},"modified":"2020-07-09T11:12:40","modified_gmt":"2020-07-09T10:12:40","slug":"sladami-husytow-sredniowieczne-zamki-na-wegrzech-wystawa-czasowa","status":"publish","type":"post","link":"https:\/\/muzeum.ostroleka.pl\/?p=2103","title":{"rendered":"&#8222;\u015aladami husyt\u00f3w. \u015aredniowieczne zamki na W\u0119grzech&#8221; &#8211; wystawa czasowa"},"content":{"rendered":"<div class=\"leadArticle\">\n<p style=\"text-align: justify;\">Zapraszamy do&nbsp;obejrzenia wystawy &#8222;\u015aladami husyt\u00f3w. \u015aredniowieczne zamki na&nbsp;W\u0119grzech&#8221;, kt\u00f3ra&nbsp;prezentowana b\u0119dzie w&nbsp;Muzeum Kultury Kurpiowskiej od&nbsp;23 marca do&nbsp;10 maja 2015&nbsp;roku. Ekspozycj\u0119 przygotowa\u0142o Herman Otto Muzeum w&nbsp;Miszkolcu. &nbsp;<\/p>\n<\/div>\n<p style=\"text-align: justify;\">Ekspozycja po\u015bwi\u0119cona jest&nbsp;\u015bredniowiecznym fortyfikacjom po\u0142o\u017conym na&nbsp;terenie p\u00f3\u0142nocnych W\u0119gier. Niekt\u00f3re z&nbsp;nich u\u017cytkowane by\u0142y w&nbsp;XV wieku przez&nbsp;husyt\u00f3w, kt\u00f3rzy&nbsp;s\u0142u\u017cyli monarchom w\u0119gierskim jako wojska najemne.&nbsp;Na&nbsp;wystawie pokazane s\u0105&nbsp;zabytki archeologiczne pochodz\u0105ce z&nbsp;prac wykopaliskowych prowadzonych na&nbsp;terenie foryfikacji m.in.:&nbsp;militaria i przedmioty codziennego (groty strza\u0142, monety, pier\u015bcienie, gliniane naczynia), a&nbsp;tak\u017ce trzy makiety zamk\u00f3w.&nbsp;<\/p>\n<p style=\"text-align: justify;\">&nbsp;<\/p>\n<p style=\"text-align: justify;\">Ogranizatorami wystawy s\u0105:<\/p>\n<p style=\"text-align: justify;\">Muzeum Kultury Kurpiowskiej w Ostro\u0142\u0119ce<\/p>\n<p style=\"text-align: justify;\">Herman Otto Muzeum w Miszkolcu<\/p>\n<p style=\"text-align: justify;\">Pa\u0144stwowe Muzeum Archeologiczne w Warszawie<\/p>\n","protected":false},"excerpt":{"rendered":"<p>Zapraszamy do&nbsp;obejrzenia wystawy &#8222;\u015aladami husyt\u00f3w. \u015aredniowieczne zamki na&nbsp;W\u0119grzech&#8221;, kt\u00f3ra&nbsp;prezentowana b\u0119dzie w&nbsp;Muzeum Kultury Kurpiowskiej od&nbsp;23 marca do&nbsp;10 maja 2015&nbsp;roku. Ekspozycj\u0119 przygotowa\u0142o Herman Otto Muzeum w&nbsp;Miszkolcu. &nbsp; Ekspozycja po\u015bwi\u0119cona jest&nbsp;\u015bredniowiecznym fortyfikacjom po\u0142o\u017conym na&nbsp;terenie p\u00f3\u0142nocnych W\u0119gier. Niekt\u00f3re z&nbsp;nich u\u017cytkowane by\u0142y w&nbsp;XV wieku przez&nbsp;husyt\u00f3w, kt\u00f3rzy&nbsp;s\u0142u\u017cyli monarchom w\u0119gierskim jako wojska najemne.&nbsp;Na&nbsp;wystawie pokazane s\u0105&nbsp;zabytki archeologiczne pochodz\u0105ce z&nbsp;prac wykopaliskowych prowadzonych na&nbsp;terenie foryfikacji [&hellip;]<\/p>\n","protected":false},"author":3,"featured_media":4258,"comment_status":"closed","ping_status":"closed","sticky":false,"template":"","format":"standard","meta":{"_acf_changed":false,"_lmt_disableupdate":"","_lmt_disable":"","_monsterinsights_skip_tracking":false,"_monsterinsights_sitenote_active":false,"_monsterinsights_sitenote_note":"","_monsterinsights_sitenote_category":0,"ngg_post_thumbnail":0,"footnotes":""},"categories":[53],"tags":[],"class_list":["post-2103","post","type-post","status-publish","format-standard","has-post-thumbnail","hentry","category-wystawy-czasowe-archiwalne"],"acf":[],"modified_by":"Daniel Go\u0142a\u015b","_links":{"self":[{"href":"https:\/\/muzeum.ostroleka.pl\/index.php?rest_route=\/wp\/v2\/posts\/2103","targetHints":{"allow":["GET"]}}],"collection":[{"href":"https:\/\/muzeum.ostroleka.pl\/index.php?rest_route=\/wp\/v2\/posts"}],"about":[{"href":"https:\/\/muzeum.ostroleka.pl\/index.php?rest_route=\/wp\/v2\/types\/post"}],"author":[{"embeddable":true,"href":"https:\/\/muzeum.ostroleka.pl\/index.php?rest_route=\/wp\/v2\/users\/3"}],"replies":[{"embeddable":true,"href":"https:\/\/muzeum.ostroleka.pl\/index.php?rest_route=%2Fwp%2Fv2%2Fcomments&post=2103"}],"version-history":[{"count":1,"href":"https:\/\/muzeum.ostroleka.pl\/index.php?rest_route=\/wp\/v2\/posts\/2103\/revisions"}],"predecessor-version":[{"id":2104,"href":"https:\/\/muzeum.ostroleka.pl\/index.php?rest_route=\/wp\/v2\/posts\/2103\/revisions\/2104"}],"wp:featuredmedia":[{"embeddable":true,"href":"https:\/\/muzeum.ostroleka.pl\/index.php?rest_route=\/wp\/v2\/media\/4258"}],"wp:attachment":[{"href":"https:\/\/muzeum.ostroleka.pl\/index.php?rest_route=%2Fwp%2Fv2%2Fmedia&parent=2103"}],"wp:term":[{"taxonomy":"category","embeddable":true,"href":"https:\/\/muzeum.ostroleka.pl\/index.php?rest_route=%2Fwp%2Fv2%2Fcategories&post=2103"},{"taxonomy":"post_tag","embeddable":true,"href":"https:\/\/muzeum.ostroleka.pl\/index.php?rest_route=%2Fwp%2Fv2%2Ftags&post=2103"}],"curies":[{"name":"wp","href":"https:\/\/api.w.org\/{rel}","templated":true}]}}