{"id":2105,"date":"2016-08-11T09:00:09","date_gmt":"2016-08-11T08:00:09","guid":{"rendered":"https:\/\/muzeum.ostroleka.pl\/?p=2105"},"modified":"2019-12-02T13:58:23","modified_gmt":"2019-12-02T12:58:23","slug":"malarstwo-polskie-xix-i-xx-wieku-monachium-wilno-krakow","status":"publish","type":"post","link":"https:\/\/muzeum.ostroleka.pl\/?p=2105","title":{"rendered":"\u201eMalarstwo polskie XIX i XX wieku. Monachium \u2013 Wilno \u2013 Krak\u00f3w\u201d"},"content":{"rendered":"<div class=\"leadArticle\">\n<p style=\"text-align: justify;\">Wystawa, prezentuj\u0105ca ponad pi\u0119\u0107dziesi\u0105t prac polskich artyst\u00f3w, pochodzi ze zbior\u00f3w Muzeum Okr\u0119gowego w Suwa\u0142kach.<\/p>\n<\/div>\n<p style=\"text-align: justify;\">W XIX wieku Monachium by\u0142o niekwestionowanym centrum polskiego malarstwa. Do artyst\u00f3w zwi\u0105zanych z nim nale\u017celi: Roman Kochanowski, W\u0142adys\u0142aw Malecki, W\u0142odzimierz \u0141o\u015b, J\u00f3zef Jaroszy\u0144ski, Zygmunt Ajdukiewicz, Zdzis\u0142aw Suchodolski, Antoni Piotrowski, Zygmunt Sidorowicz, Franciszek Streitt, Franciszek \u017bmurko, Jan Che\u0142mi\u0144ski, Stefan Popowski, Stanis\u0142aw Mas\u0142owski, J\u00f3zef Che\u0142mo\u0144ski, Julian Fa\u0142at, Leon Wycz\u00f3\u0142kowski, Ludwik Stasiak, Ludwik de Laveaux, J\u00f3zef Rapacki, Wac\u0142aw \u017baboklicki, Feliks Cichocki, Antoni Gawi\u0144ski. Realistycznie malowane ojczyste pejza\u017ce i sceny rodzajowe odwo\u0142uj\u0105ce si\u0119 do rodzimej tradycji, to najcz\u0119stsze motywy pojawiaj\u0105ce si\u0119 na p\u0142\u00f3tnach malarzy okre\u015blanych mianem \u201epolskich monachijczyk\u00f3w\u201d.&nbsp;<br \/>\nZmieniaj\u0105ca si\u0119 pod koniec XIX wieku sytuacja gospodarcza i kulturalna w kraju, szanse i nadzieja na popraw\u0119 warunk\u00f3w funkcjonowania \u017cycia artystycznego sprawia\u0142y, \u017ce arty\u015bci po okresie nauki i&nbsp;artystycznych podr\u00f3\u017cy ch\u0119tniej osiadali w Warszawie lub Krakowie. Nie bez znaczenia by\u0142o przekszta\u0142cenie w 1895 roku krakowskiej Szko\u0142y Sztuk Pi\u0119knych w Akademi\u0119. Na jej czele stan\u0105\u0142 Julian Fa\u0142at, kt\u00f3ry dzi\u0119ki nauce w Monachium sta\u0142 si\u0119 mistrzem techniki akwarelowej. Profesorskie stanowiska powierzy\u0142 m.in. swoim monachijskim kolegom: Leonowi Wycz\u00f3\u0142kowskiemu, Jackowi Malczewskiemu i&nbsp;Teodorowi Axentowiczowi. W podkrakowskich Bronowicach osiad\u0142 wykszta\u0142cony w Wiedniu, Monachium i&nbsp;Krakowie W\u0142odzimierz Tetmajer, pierwowz\u00f3r Gospodarza z Wesela Stanis\u0142awa Wyspia\u0144skiego. Jednak g\u0142\u00f3wn\u0105 rol\u0119 w \u017cyciu akademii odgrywa\u0142 powo\u0142any na stanowisko profesora pracowni pejza\u017cu Jan Stanis\u0142awski. Wykszta\u0142ci\u0142 ca\u0142e rzesze pejza\u017cyst\u00f3w, do kt\u00f3rych nale\u017celi: Stanis\u0142aw Kamocki, Stefan Filipkiewicz, bracia Stanis\u0142aw i J\u00f3zef Czajkowscy, Alfons Karpi\u0144ski, Henryk Szczygli\u0144ski. Z Krakowem zwi\u0105zany by\u0142 Wojciech Weiss, ucze\u0144 Malczewskiego i Wycz\u00f3\u0142kowskiego, tw\u00f3rca bardzo r\u00f3\u017cnorodny, symbolista, pejza\u017cysta, autor akt\u00f3w i intymnych portret\u00f3w. Fryderyk Pautsch i W\u0142adys\u0142aw Jarocki, urodzeni na Kresach, studenci Politechniki Lwowskiej, malarstwa uczyli si\u0119 w Pary\u017cu i na krakowskiej akademii u Leona Wycz\u00f3\u0142kowskiego. Cz\u0119\u015b\u0107 swojej tw\u00f3rczo\u015bci po\u015bwi\u0119cili folklorowi Podhala i&nbsp;Huculszczyzny.<br \/>\nOsobnym rozdzia\u0142em w historii polskiego malarstwa by\u0142o Wilno. Miasto to mimo tradycji nauczania sztuki na Uniwersytecie im. Stefana Batorego, si\u0119gaj\u0105cej pocz\u0105tku XIX wieku, d\u0142ugo pozostawa\u0142o na uboczu \u017cycia artystycznego. Okres mi\u0119dzywojenny wyni\u00f3s\u0142 wile\u0144skie \u015brodowisko do rangi samodzielnego i znacz\u0105cego o\u015brodka sztuki. Do historii sztuki polskiej przesz\u0142y takie nazwiska, jak: Czes\u0142aw Wierusz-Kowalski, syn Alfreda, aktywny uczestnik i organizator \u017cycia i szkolnictwa artystycznego na Wile\u0144szczy\u017anie, urodzony w Suwa\u0142kach Marian Kulesza, osiad\u0142y po wojnie w Toruniu Tymon Niesio\u0142owski i Micha\u0142 Rouba, wykszta\u0142cony w pracowni Jacka Malczewskiego na Akademii Sztuk Pi\u0119knych w Krakowie, wilnianin z urodzenia, tam przedwcze\u015bnie zmar\u0142y w 1941 roku \u201epiewca wile\u0144skich krajobraz\u00f3w\u201d. Mi\u0119dzywojenne Wilno t\u0119tni\u0142o \u017cyciem kulturalnym.&nbsp;<br \/>\nEliza Ptaszy\u0144ska<\/p>\n<p style=\"text-align: justify;\">\nScenariusz wystawy: Eliza Ptaszy\u0144ska, Muzeum Okr\u0119gowego w Suwa\u0142kach<br \/>\nKurator wystawy: Joanna Zy\u015bk, Muzeum Kultury Kurpiowskiej w Ostro\u0142\u0119ce<br \/>\nProjekt plastyczny: Sylwia Leszczy\u0144ska-Chalamo\u0144ska<\/p>\n","protected":false},"excerpt":{"rendered":"<p>Wystawa, prezentuj\u0105ca ponad pi\u0119\u0107dziesi\u0105t prac polskich artyst\u00f3w, pochodzi ze zbior\u00f3w Muzeum Okr\u0119gowego w Suwa\u0142kach. W XIX wieku Monachium by\u0142o niekwestionowanym centrum polskiego malarstwa. Do artyst\u00f3w zwi\u0105zanych z nim nale\u017celi: Roman Kochanowski, W\u0142adys\u0142aw Malecki, W\u0142odzimierz \u0141o\u015b, J\u00f3zef Jaroszy\u0144ski, Zygmunt Ajdukiewicz, Zdzis\u0142aw Suchodolski, Antoni Piotrowski, Zygmunt Sidorowicz, Franciszek Streitt, Franciszek \u017bmurko, Jan Che\u0142mi\u0144ski, Stefan Popowski, Stanis\u0142aw Mas\u0142owski, [&hellip;]<\/p>\n","protected":false},"author":3,"featured_media":0,"comment_status":"open","ping_status":"open","sticky":false,"template":"","format":"standard","meta":{"_acf_changed":false,"_lmt_disableupdate":"","_lmt_disable":"","_monsterinsights_skip_tracking":false,"_monsterinsights_sitenote_active":false,"_monsterinsights_sitenote_note":"","_monsterinsights_sitenote_category":0,"ngg_post_thumbnail":0,"footnotes":""},"categories":[53],"tags":[],"class_list":["post-2105","post","type-post","status-publish","format-standard","hentry","category-wystawy-czasowe-archiwalne"],"acf":[],"modified_by":"Daniel Go\u0142a\u015b","_links":{"self":[{"href":"https:\/\/muzeum.ostroleka.pl\/index.php?rest_route=\/wp\/v2\/posts\/2105","targetHints":{"allow":["GET"]}}],"collection":[{"href":"https:\/\/muzeum.ostroleka.pl\/index.php?rest_route=\/wp\/v2\/posts"}],"about":[{"href":"https:\/\/muzeum.ostroleka.pl\/index.php?rest_route=\/wp\/v2\/types\/post"}],"author":[{"embeddable":true,"href":"https:\/\/muzeum.ostroleka.pl\/index.php?rest_route=\/wp\/v2\/users\/3"}],"replies":[{"embeddable":true,"href":"https:\/\/muzeum.ostroleka.pl\/index.php?rest_route=%2Fwp%2Fv2%2Fcomments&post=2105"}],"version-history":[{"count":1,"href":"https:\/\/muzeum.ostroleka.pl\/index.php?rest_route=\/wp\/v2\/posts\/2105\/revisions"}],"predecessor-version":[{"id":2106,"href":"https:\/\/muzeum.ostroleka.pl\/index.php?rest_route=\/wp\/v2\/posts\/2105\/revisions\/2106"}],"wp:attachment":[{"href":"https:\/\/muzeum.ostroleka.pl\/index.php?rest_route=%2Fwp%2Fv2%2Fmedia&parent=2105"}],"wp:term":[{"taxonomy":"category","embeddable":true,"href":"https:\/\/muzeum.ostroleka.pl\/index.php?rest_route=%2Fwp%2Fv2%2Fcategories&post=2105"},{"taxonomy":"post_tag","embeddable":true,"href":"https:\/\/muzeum.ostroleka.pl\/index.php?rest_route=%2Fwp%2Fv2%2Ftags&post=2105"}],"curies":[{"name":"wp","href":"https:\/\/api.w.org\/{rel}","templated":true}]}}