{"id":2108,"date":"2016-08-11T09:00:28","date_gmt":"2016-08-11T08:00:28","guid":{"rendered":"https:\/\/muzeum.ostroleka.pl\/?p=2108"},"modified":"2020-07-09T10:50:43","modified_gmt":"2020-07-09T09:50:43","slug":"kilka-slow-o-ostoi-kotkowskim","status":"publish","type":"post","link":"https:\/\/muzeum.ostroleka.pl\/?p=2108","title":{"rendered":"Kilka s\u0142\u00f3w o Ostoi-Kotkowskim"},"content":{"rendered":"<div class=\"leadArticle\">\n<p style=\"text-align: justify;\">J\u00f3zef Stanis\u0142aw Kotkowski urodzi\u0142 si\u0119 w 1922 roku w Golubiu. W wieku m\u0142odzie\u0144czym mieszka\u0142 w&nbsp;Przasnyszu, w kt\u00f3rym uko\u0144czy\u0142 gimnazjum &nbsp;i&nbsp;w&nbsp;kt\u00f3rym mieszkali jego rodzina i&nbsp;przyjaciele. Doros\u0142e \u017cycie sp\u0119dzi\u0142 na emigracji. Po II wojnie \u015bwiatowej studiowa\u0142 w Akademii Sztuk Pi\u0119knych w&nbsp;D\u00fcsseldorfie.<\/p>\n<\/div>\n<p style=\"text-align: justify;\">Od 1949 roku mieszka\u0142 i tworzy\u0142 w Australii. Znany by\u0142 powszechnie pod drugim imieniem \u2013 Stanis\u0142aw. Jako pseudonim artystyczny u\u017cywa\u0142 swojego herbu rodowego \u2014 Ostoja.<\/p>\n<p style=\"text-align: justify;\">By\u0142 malarzem, rze\u017abiarzem, scenografem, fotografikiem, prekursorem sztuki laserowej. W swoich pracach ukazywa\u0142 mocne, roz\u015bwietlone barwy. Stosowa\u0142 farby polimerowe i emali\u0119 szklist\u0105, eksperymentowa\u0142 z tworzywami sztucznymi. W 1968 roku po raz pierwszy u\u017cy\u0142 promienia laserowego. Stworzy\u0142 kombinacj\u0119 kolor\u00f3w i kszta\u0142t\u00f3w reaguj\u0105cych na d\u017awi\u0119k. Fascynowa\u0142a go przestrze\u0144 wype\u0142niona barw\u0105, d\u017awi\u0119kiem, ruchem i czasem. Jak sam twierdzi\u0142 \u2013 zamieni\u0142 p\u0119dzel na laser. Wykorzystuj\u0105c thereminy, urz\u0105dzenia reaguj\u0105ce d\u017awi\u0119kiem na blisko\u015b\u0107 cz\u0142owieka, tworzy\u0142 kompozycje \u0142\u0105cz\u0105ce obraz z&nbsp;melodi\u0105 uzale\u017cnion\u0105 od ruchu widza. Konstruowa\u0142 wie\u017ce chromasoniczne, w tym tzw. \u015bpiewaj\u0105c\u0105 wie\u017c\u0119 w Adelajdzie, reaguj\u0105c\u0105 na ruch uliczny kolorami i \u015bwiat\u0142ami. Tworzy\u0142 spektakle i koncerty laserowe. Wykonywa\u0142 grafiki komputerowe inspirowane fraktalami i kola\u017ce optyczne. Projektowa\u0142 witra\u017ce i mozaiki.<\/p>\n<p style=\"text-align: justify;\">J\u00f3zef Stanis\u0142aw Kotkowski by\u0142 laureatem licznych nagr\u00f3d i odznacze\u0144, w tym najwy\u017cszego australijskiego odznaczenia pa\u0144stwowego &#8211; Orderu Australii, nadanego mu przez kr\u00f3low\u0105 El\u017cbiet\u0119 II. Otrzyma\u0142 r\u00f3wnie\u017c odznak\u0119 \u201eZas\u0142u\u017cony dla Kultury Polskiej\u201d, przyznan\u0105 przez Ministra Kultury i Sztuki RP. Udziela\u0142 si\u0119 w&nbsp;wielu stowarzyszeniach, by\u0142 m.in.&nbsp;cz\u0142onkiem Royal Society of Arts w Londynie.<\/p>\n<p style=\"text-align: justify;\">J\u00f3zef Stanis\u0142aw Ostoja-Kotkowski zmar\u0142 2 kwietnia 1994 roku w Stirling w Australii. Jego prochy zosta\u0142y sprowadzone do Polski i pochowane na Cmentarzu Wojskowym na Pow\u0105zkach w Warszawie.<\/p>\n<p style=\"text-align: justify;\">Archiwum prac Ostoi, w sk\u0142ad kt\u00f3rego wchodz\u0105 zapisy wyk\u0142ad\u00f3w, programy, fotografie, slajdy, filmy, modele rze\u017ab, itd., znajduj\u0105ce si\u0119 w Kolekcji Mortlock\u2019a w Bibliotece Stanowej Australii Po\u0142udniowej i na Uniwersytecie w Melbourne, w&nbsp;2008 r. zosta\u0142o wpisane do projektu UNESCO \u201eMemory of the World Register of Australia\u201d.<\/p>\n","protected":false},"excerpt":{"rendered":"<p>J\u00f3zef Stanis\u0142aw Kotkowski urodzi\u0142 si\u0119 w 1922 roku w Golubiu. W wieku m\u0142odzie\u0144czym mieszka\u0142 w&nbsp;Przasnyszu, w kt\u00f3rym uko\u0144czy\u0142 gimnazjum &nbsp;i&nbsp;w&nbsp;kt\u00f3rym mieszkali jego rodzina i&nbsp;przyjaciele. Doros\u0142e \u017cycie sp\u0119dzi\u0142 na emigracji. Po II wojnie \u015bwiatowej studiowa\u0142 w Akademii Sztuk Pi\u0119knych w&nbsp;D\u00fcsseldorfie. Od 1949 roku mieszka\u0142 i tworzy\u0142 w Australii. Znany by\u0142 powszechnie pod drugim imieniem \u2013 Stanis\u0142aw. [&hellip;]<\/p>\n","protected":false},"author":3,"featured_media":4248,"comment_status":"closed","ping_status":"closed","sticky":false,"template":"","format":"standard","meta":{"_acf_changed":false,"_lmt_disableupdate":"","_lmt_disable":"","_monsterinsights_skip_tracking":false,"_monsterinsights_sitenote_active":false,"_monsterinsights_sitenote_note":"","_monsterinsights_sitenote_category":0,"ngg_post_thumbnail":0,"footnotes":""},"categories":[53],"tags":[],"class_list":["post-2108","post","type-post","status-publish","format-standard","has-post-thumbnail","hentry","category-wystawy-czasowe-archiwalne"],"acf":[],"modified_by":"Daniel Go\u0142a\u015b","_links":{"self":[{"href":"https:\/\/muzeum.ostroleka.pl\/index.php?rest_route=\/wp\/v2\/posts\/2108","targetHints":{"allow":["GET"]}}],"collection":[{"href":"https:\/\/muzeum.ostroleka.pl\/index.php?rest_route=\/wp\/v2\/posts"}],"about":[{"href":"https:\/\/muzeum.ostroleka.pl\/index.php?rest_route=\/wp\/v2\/types\/post"}],"author":[{"embeddable":true,"href":"https:\/\/muzeum.ostroleka.pl\/index.php?rest_route=\/wp\/v2\/users\/3"}],"replies":[{"embeddable":true,"href":"https:\/\/muzeum.ostroleka.pl\/index.php?rest_route=%2Fwp%2Fv2%2Fcomments&post=2108"}],"version-history":[{"count":2,"href":"https:\/\/muzeum.ostroleka.pl\/index.php?rest_route=\/wp\/v2\/posts\/2108\/revisions"}],"predecessor-version":[{"id":4249,"href":"https:\/\/muzeum.ostroleka.pl\/index.php?rest_route=\/wp\/v2\/posts\/2108\/revisions\/4249"}],"wp:featuredmedia":[{"embeddable":true,"href":"https:\/\/muzeum.ostroleka.pl\/index.php?rest_route=\/wp\/v2\/media\/4248"}],"wp:attachment":[{"href":"https:\/\/muzeum.ostroleka.pl\/index.php?rest_route=%2Fwp%2Fv2%2Fmedia&parent=2108"}],"wp:term":[{"taxonomy":"category","embeddable":true,"href":"https:\/\/muzeum.ostroleka.pl\/index.php?rest_route=%2Fwp%2Fv2%2Fcategories&post=2108"},{"taxonomy":"post_tag","embeddable":true,"href":"https:\/\/muzeum.ostroleka.pl\/index.php?rest_route=%2Fwp%2Fv2%2Ftags&post=2108"}],"curies":[{"name":"wp","href":"https:\/\/api.w.org\/{rel}","templated":true}]}}