{"id":2141,"date":"2017-02-14T10:00:58","date_gmt":"2017-02-14T09:00:58","guid":{"rendered":"https:\/\/muzeum.ostroleka.pl\/?p=2141"},"modified":"2019-12-03T10:07:21","modified_gmt":"2019-12-03T09:07:21","slug":"wszystkie-barwy-muzyki","status":"publish","type":"post","link":"https:\/\/muzeum.ostroleka.pl\/?p=2141","title":{"rendered":",,Wszystkie barwy muzyki&#8221;"},"content":{"rendered":"<div class=\"leadArticle\">\n<p style=\"text-align: justify;\"><strong>Tytu\u0142:<\/strong>&nbsp;&nbsp;\u201eWszystkie barwy muzyki\u201d&nbsp;<\/p>\n<p style=\"text-align: justify;\"><strong>Czas trwania wystawy:<\/strong>&nbsp;&nbsp;od 03.02.2017 r. &nbsp;do 02.04.2017 r.&nbsp;<\/p>\n<p style=\"text-align: justify;\"><strong>Scenariusz:<\/strong>&nbsp;Emil Cywi\u0144ski<\/p>\n<p style=\"text-align: justify;\"><strong>Kurator:<\/strong>&nbsp;Joanna Zy\u015bk<\/p>\n<p style=\"text-align: justify;\"><strong>Projekt plastyczny:<\/strong>&nbsp;Emil Cywi\u0144ski<\/p>\n<p style=\"text-align: justify;\">&nbsp;<\/p>\n<\/div>\n<p style=\"text-align: justify;\">Wystawa Wszystkie barwy muzyki podejmuje pr\u00f3b\u0119 odtworzenia klimatu dawnego prowincjonalnego domu, kt\u00f3rego mieszka\u0144cy \u017cyj\u0105 muzyk\u0105 na co dzie\u0144.&nbsp;W\u015br\u00f3d akcent\u00f3w narodowych, polskich eksponuje si\u0119 zainteresowania i upodobania muzyk\u0105 klasyczn\u0105 &#8211; g\u0142\u00f3wnie salonow\u0105, rodzinn\u0105 i obrz\u0119dow\u0105, inspirowan\u0105 muzyk\u0105 ludow\u0105, a tak\u017ce muzyk\u0105 r\u00f3\u017cnych stron \u015bwiata, sk\u0105d powracali rodacy z zes\u0142ania i&nbsp;emigracji.<\/p>\n<p style=\"text-align: justify;\">\nWystawa przywo\u0142uje&nbsp;<span class=\"text_exposed_show\">tradycje salonu muzycznego dawnego dworu kresowego, rodzinnego muzykowania oraz motyw\u00f3w muzycznych w dekoracji i pami\u0105tkach zdobi\u0105cych jego przestrze\u0144. Stanowi\u0105 j\u0105 pewne sekwencje tematyczne, jak np:<br \/>\n\u2022 \u201e\u015apiewnik Domowy\u201d i inne muzyczne pami\u0105tki moniuszkowskie<br \/>\n\u2022 Droga do Niepodleg\u0142ej<br \/>\n\u2022 Pie\u015b\u0144 o mi\u0142o\u015bci&nbsp;<br \/>\n\u2022 Od kabaretu do filmu<br \/>\n\u2022 Wspomnienia z sali balowej<br \/>\n\u2022 Piosenka o mojej Warszawie i inne&#8230; .<\/span><\/p>\n<p style=\"text-align: justify;\"><span class=\"text_exposed_show\"><br \/>\nNa materi\u0119 wystawy sk\u0142adaj\u0105 si\u0119 obiekty pochodz\u0105ce z zasob\u00f3w domowych os\u00f3b prywatnych zgromadzone dla przedstawienia kultury muzycznej polskiego domu z zaznaczeniem jego szczeg\u00f3lnej roli w dobie niewoli narodowej, a tak\u017ce zainteresowa\u0144 muzycznych rodak\u00f3w w mi\u0119dzywojniu oraz w&nbsp;okresie p\u00f3\u017aniejszej socjalistycznej indoktrynacji. Du\u017ca cz\u0119\u015b\u0107 prezentowanych przedmiot\u00f3w stanowi kolekcj\u0119 rodzinn\u0105 autora, pochodz\u0105 one g\u0142\u00f3wnie z XX i pierwszej po\u0142owy XX w.<\/p>\n<p>Emil Cywi\u0144ski<\/span><\/p>\nngg_shortcode_0_placeholder\n","protected":false},"excerpt":{"rendered":"<p>Tytu\u0142:&nbsp;&nbsp;\u201eWszystkie barwy muzyki\u201d&nbsp; Czas trwania wystawy:&nbsp;&nbsp;od 03.02.2017 r. &nbsp;do 02.04.2017 r.&nbsp; Scenariusz:&nbsp;Emil Cywi\u0144ski Kurator:&nbsp;Joanna Zy\u015bk Projekt plastyczny:&nbsp;Emil Cywi\u0144ski &nbsp; Wystawa Wszystkie barwy muzyki podejmuje pr\u00f3b\u0119 odtworzenia klimatu dawnego prowincjonalnego domu, kt\u00f3rego mieszka\u0144cy \u017cyj\u0105 muzyk\u0105 na co dzie\u0144.&nbsp;W\u015br\u00f3d akcent\u00f3w narodowych, polskich eksponuje si\u0119 zainteresowania i upodobania muzyk\u0105 klasyczn\u0105 &#8211; g\u0142\u00f3wnie salonow\u0105, rodzinn\u0105 i obrz\u0119dow\u0105, inspirowan\u0105 muzyk\u0105 [&hellip;]<\/p>\n","protected":false},"author":3,"featured_media":2156,"comment_status":"open","ping_status":"open","sticky":false,"template":"","format":"standard","meta":{"_acf_changed":false,"_lmt_disableupdate":"","_lmt_disable":"","_monsterinsights_skip_tracking":false,"_monsterinsights_sitenote_active":false,"_monsterinsights_sitenote_note":"","_monsterinsights_sitenote_category":0,"ngg_post_thumbnail":0,"footnotes":""},"categories":[53],"tags":[],"class_list":["post-2141","post","type-post","status-publish","format-standard","has-post-thumbnail","hentry","category-wystawy-czasowe-archiwalne"],"acf":[],"modified_by":"Daniel Go\u0142a\u015b","_links":{"self":[{"href":"https:\/\/muzeum.ostroleka.pl\/index.php?rest_route=\/wp\/v2\/posts\/2141","targetHints":{"allow":["GET"]}}],"collection":[{"href":"https:\/\/muzeum.ostroleka.pl\/index.php?rest_route=\/wp\/v2\/posts"}],"about":[{"href":"https:\/\/muzeum.ostroleka.pl\/index.php?rest_route=\/wp\/v2\/types\/post"}],"author":[{"embeddable":true,"href":"https:\/\/muzeum.ostroleka.pl\/index.php?rest_route=\/wp\/v2\/users\/3"}],"replies":[{"embeddable":true,"href":"https:\/\/muzeum.ostroleka.pl\/index.php?rest_route=%2Fwp%2Fv2%2Fcomments&post=2141"}],"version-history":[{"count":1,"href":"https:\/\/muzeum.ostroleka.pl\/index.php?rest_route=\/wp\/v2\/posts\/2141\/revisions"}],"predecessor-version":[{"id":2157,"href":"https:\/\/muzeum.ostroleka.pl\/index.php?rest_route=\/wp\/v2\/posts\/2141\/revisions\/2157"}],"wp:featuredmedia":[{"embeddable":true,"href":"https:\/\/muzeum.ostroleka.pl\/index.php?rest_route=\/wp\/v2\/media\/2156"}],"wp:attachment":[{"href":"https:\/\/muzeum.ostroleka.pl\/index.php?rest_route=%2Fwp%2Fv2%2Fmedia&parent=2141"}],"wp:term":[{"taxonomy":"category","embeddable":true,"href":"https:\/\/muzeum.ostroleka.pl\/index.php?rest_route=%2Fwp%2Fv2%2Fcategories&post=2141"},{"taxonomy":"post_tag","embeddable":true,"href":"https:\/\/muzeum.ostroleka.pl\/index.php?rest_route=%2Fwp%2Fv2%2Ftags&post=2141"}],"curies":[{"name":"wp","href":"https:\/\/api.w.org\/{rel}","templated":true}]}}