{"id":2161,"date":"2016-09-02T10:00:23","date_gmt":"2016-09-02T09:00:23","guid":{"rendered":"https:\/\/muzeum.ostroleka.pl\/?p=2161"},"modified":"2019-12-03T10:11:44","modified_gmt":"2019-12-03T09:11:44","slug":"wystawa-piekno-sakralne-na-znaczkach-poczty-polskiej-w-ostroleckim-muzeum","status":"publish","type":"post","link":"https:\/\/muzeum.ostroleka.pl\/?p=2161","title":{"rendered":"Wystawa &#8222;Pi\u0119kno sakralne na znaczkach Poczty Polskiej&#8221; w ostro\u0142\u0119ckim muzeum"},"content":{"rendered":"<div class=\"leadArticle\">\n<p style=\"text-align: justify;\">Od 2 wrze\u015bnia 2016 r. w Muzeum Kultury Kurpiowskiej w Ostro\u0142\u0119ce b\u0119dzie mo\u017cna zwiedza\u0107 wystaw\u0119 pt.&nbsp;&#8222;Pi\u0119kno sakralne na znaczkach Poczty Polskiej&#8221; udost\u0119pnion\u0105 nam przez Poczt\u0119 Polsk\u0105 S.A.<\/p>\n<\/div>\n<p style=\"text-align: justify;\">Z okazji kanonizacji Ojca Stanis\u0142awa Papczy\u0144skiego \u2013 Polaka, za\u0142o\u017cyciela Zgromadzenia Ksi\u0119\u017cy Marian\u00f3w, tw\u00f3rcy maria\u0144skiej szko\u0142y duchowo\u015bci g\u0142\u0119boko osadzonej w kulturze polskiej \u2013 Poczta Polska przygotowa\u0142a wyj\u0105tkow\u0105 wystaw\u0119 filatelistyczn\u0105 \u201ePi\u0119kno sakralne na znaczkach Poczty Polskiej\u201d. Dokumentuje ona dorobek filatelistyczny Poczty Polskiej, po\u015bwi\u0119cony tematyce sakralnej: znaczki po\u015bwi\u0119cone Sanktuariom Maryjnym, seria \u201eMadonny Kresowe\u201d, znaczki dedykowane polskim \u015bwi\u0119tym i&nbsp;b\u0142ogos\u0142awionym, np. ks. Jerzemu Popie\u0142uszce. Po\u015br\u00f3d wielu innych jest te\u017c emisja zatytu\u0142owana: \u201eKanonizacja Papie\u017ca Jana Paw\u0142a II\u201d, kt\u00f3r\u0105 w 2014 roku jury Mi\u0119dzynarodowej Nagrody Sztuki Filatelistycznej im. \u015aw. Gabriela we W\u0142oszech uzna\u0142o za najpi\u0119kniejszy na \u015bwiecie znaczek o tematyce religijnej. Wystawa prezentuje te\u017c ostatni znaczek wydany z okazji kanonizacji Ojca Stanis\u0142awa Papczy\u0144skiego.<\/p>\n<p style=\"text-align: justify;\"><strong>Komisarz wystawy: Katarzyna Mr\u00f3z<\/strong><\/p>\n<p style=\"text-align: justify;\"><strong>Realizacja wystawy: Poczta Polska S.A., Biuro Marketingu i Filatelistyki<\/strong><\/p>\n<p style=\"text-align: justify;\"><strong>Koordynacja: B. Agnieszka K\u0142oda-D\u0119bska<\/strong><\/p>\n<p style=\"text-align: justify;\"><strong>Nadz\u00f3r nad realizacj\u0105: Joanna Fleszar, Renata Kurek<\/strong><\/p>\n<p style=\"text-align: justify;\"><strong>Opracowanie graficzne: Marzanna D\u0105browska, Agnieszka Sancewicz, Joanna Fleszar, Jaros\u0142aw Ochendzan<\/strong><\/p>\n<p style=\"text-align: justify;\"><strong>Redakcja merytoryczna: Aga Dyczkowska, Julia Skorupka<\/strong><\/p>\n<p style=\"text-align: justify;\"><strong>T\u0142umaczenie: Ma\u0142gorzata Cyganik, Monika Niew\u00f3jt<\/strong><\/p>\n","protected":false},"excerpt":{"rendered":"<p>Od 2 wrze\u015bnia 2016 r. w Muzeum Kultury Kurpiowskiej w Ostro\u0142\u0119ce b\u0119dzie mo\u017cna zwiedza\u0107 wystaw\u0119 pt.&nbsp;&#8222;Pi\u0119kno sakralne na znaczkach Poczty Polskiej&#8221; udost\u0119pnion\u0105 nam przez Poczt\u0119 Polsk\u0105 S.A. Z okazji kanonizacji Ojca Stanis\u0142awa Papczy\u0144skiego \u2013 Polaka, za\u0142o\u017cyciela Zgromadzenia Ksi\u0119\u017cy Marian\u00f3w, tw\u00f3rcy maria\u0144skiej szko\u0142y duchowo\u015bci g\u0142\u0119boko osadzonej w kulturze polskiej \u2013 Poczta Polska przygotowa\u0142a wyj\u0105tkow\u0105 wystaw\u0119 filatelistyczn\u0105 [&hellip;]<\/p>\n","protected":false},"author":3,"featured_media":2162,"comment_status":"open","ping_status":"open","sticky":false,"template":"","format":"standard","meta":{"_acf_changed":false,"_lmt_disableupdate":"","_lmt_disable":"","_monsterinsights_skip_tracking":false,"_monsterinsights_sitenote_active":false,"_monsterinsights_sitenote_note":"","_monsterinsights_sitenote_category":0,"ngg_post_thumbnail":0,"footnotes":""},"categories":[53],"tags":[],"class_list":["post-2161","post","type-post","status-publish","format-standard","has-post-thumbnail","hentry","category-wystawy-czasowe-archiwalne"],"acf":[],"modified_by":"Daniel Go\u0142a\u015b","_links":{"self":[{"href":"https:\/\/muzeum.ostroleka.pl\/index.php?rest_route=\/wp\/v2\/posts\/2161","targetHints":{"allow":["GET"]}}],"collection":[{"href":"https:\/\/muzeum.ostroleka.pl\/index.php?rest_route=\/wp\/v2\/posts"}],"about":[{"href":"https:\/\/muzeum.ostroleka.pl\/index.php?rest_route=\/wp\/v2\/types\/post"}],"author":[{"embeddable":true,"href":"https:\/\/muzeum.ostroleka.pl\/index.php?rest_route=\/wp\/v2\/users\/3"}],"replies":[{"embeddable":true,"href":"https:\/\/muzeum.ostroleka.pl\/index.php?rest_route=%2Fwp%2Fv2%2Fcomments&post=2161"}],"version-history":[{"count":1,"href":"https:\/\/muzeum.ostroleka.pl\/index.php?rest_route=\/wp\/v2\/posts\/2161\/revisions"}],"predecessor-version":[{"id":2163,"href":"https:\/\/muzeum.ostroleka.pl\/index.php?rest_route=\/wp\/v2\/posts\/2161\/revisions\/2163"}],"wp:featuredmedia":[{"embeddable":true,"href":"https:\/\/muzeum.ostroleka.pl\/index.php?rest_route=\/wp\/v2\/media\/2162"}],"wp:attachment":[{"href":"https:\/\/muzeum.ostroleka.pl\/index.php?rest_route=%2Fwp%2Fv2%2Fmedia&parent=2161"}],"wp:term":[{"taxonomy":"category","embeddable":true,"href":"https:\/\/muzeum.ostroleka.pl\/index.php?rest_route=%2Fwp%2Fv2%2Fcategories&post=2161"},{"taxonomy":"post_tag","embeddable":true,"href":"https:\/\/muzeum.ostroleka.pl\/index.php?rest_route=%2Fwp%2Fv2%2Ftags&post=2161"}],"curies":[{"name":"wp","href":"https:\/\/api.w.org\/{rel}","templated":true}]}}