{"id":2165,"date":"2016-08-11T08:15:50","date_gmt":"2016-08-11T07:15:50","guid":{"rendered":"https:\/\/muzeum.ostroleka.pl\/?p=2165"},"modified":"2019-12-03T10:14:09","modified_gmt":"2019-12-03T09:14:09","slug":"wernisaz-nowej-wystawy-czasowej-2","status":"publish","type":"post","link":"https:\/\/muzeum.ostroleka.pl\/?p=2165","title":{"rendered":"Wernisa\u017c nowej wystawy czasowej"},"content":{"rendered":"<div class=\"leadArticle\">\n<p style=\"text-align: justify;\">Dnia 13 maja 2016 r. w siedzibie Muzeum Kultury Kurpiowskiej w&nbsp;Ostro\u0142\u0119ce odby\u0142 si\u0119 wernisa\u017c wystawy pt.&nbsp;<em>Stanis\u0142aw Ostoja-Kotkowski<\/em>.<\/p>\n<p style=\"text-align: justify;\">&nbsp;<\/p>\n<p style=\"text-align: justify;\">Zgromadzonych go\u015bci powita\u0142a Dyrektor Muzeum Pani Maria Samsel. Nast\u0119pnie Pani Joanna Zy\u015bk \u2013 Kierownik Dzia\u0142u Historyczno-Artystycznego \u2013 przybli\u017cy\u0142a posta\u0107 Ostoi-Kotkowskiego oraz przedstawi\u0142a ide\u0119 wystawy. Po kr\u00f3tkich przemowach przyby\u0142ych go\u015bci rozpocz\u0119\u0142o si\u0119 zwiedzanie intryguj\u0105cej ekspozycji.<\/p>\n<\/div>\n<p style=\"text-align: justify;\">Wystawa&nbsp;<em>Stanis\u0142aw Ostoja-Kotkowski&nbsp;<\/em>b\u0119dzie prezentowana&nbsp;od 13 maja do 31 lipca br.&nbsp;w&nbsp;Muzeum Kultury Kurpiowskiej w Ostro\u0142\u0119ce. Znajduj\u0105 si\u0119 na niej prace namalowane przez artyst\u0119 w&nbsp;1964 roku przy u\u017cyciu trwa\u0142ych farb polimerowych oraz cz\u0119\u015b\u0107 cyklu obraz\u00f3w elektronowych. Po raz pierwszy by\u0142y one pokazane szerszej publiczno\u015bci w 1965 i 1967 roku na wystawie&nbsp;<em>Obrazy plastikowe i elektronowe<\/em>, zorganizowanej przez Towarzystwo Przyjaci\u00f3\u0142 Sztuk Pi\u0119knych w&nbsp;Krakowie i w Warszawie. S\u0105 to abstrakcyjne, dynamiczne i roz\u015bwietlone przedstawienia, nosz\u0105ce widomy znak&nbsp;zachwytu Ostoi kolorytem i \u015bwiat\u0142em australijskiej pustyni. Cz\u0119\u015bci\u0105 wystawy s\u0105 tak\u017ce obrazy elektronowe stanowi\u0105ce sfotografowany i&nbsp;powi\u0119kszony zapis fal elektronowych. Prace zaprezentowane na ekspozycji pochodz\u0105 ze zbior\u00f3w siostrzenicy artysty &#8211; Liliany Adamczyk. Ostro\u0142\u0119ck\u0105 wystaw\u0119 uzupe\u0142nia rys biograficzny artysty oraz dokumentacja jego niekt\u00f3rych przedsi\u0119wzi\u0119\u0107.<\/p>\n<p style=\"text-align: justify;\">\nEkspozycji towarzyszy prezentacja wykonana przez Mazowiecki Instytut Kultury w&nbsp;Warszawie na podstawie materia\u0142\u00f3w archiwalnych prezentuj\u0105cych dokonania artystyczne J\u00f3zefa Stanis\u0142awa Ostoi-Kotkowskiego, pochodz\u0105cych ze zbior\u00f3w Liliany Adamczyk. S\u0105 to fotografie Ostoi dokumentuj\u0105ce koncerty laserowe, instalacje \u015bwietlno-d\u017awi\u0119kowe tworzone w&nbsp;przestrzeni miejskiej (np. gwiazdy bo\u017conarodzeniowe wykonywane cyklicznie na budynku British Petroleum w&nbsp;Melbourne), a tak\u017ce wyobra\u017cenia laserowe jego autorstwa. Pokazowi slajd\u00f3w towarzyszy zapis d\u017awi\u0119kowy skompilowany, przetworzony i nagrany przez artyst\u0119. Z\u0142o\u017cy\u0142y si\u0119 na niego fragmenty opery Philipa Glassa&nbsp;<em>Einstein on the Beach<\/em>, \u015bpiewy wieloryb\u00f3w, d\u017awi\u0119ki zarejestrowane przez NASA na Saturnie oraz przetworzona na d\u017awi\u0119k teoria Johannesa Keplera&nbsp;<em>Harmonia \u015awiat\u00f3w<\/em>.<\/p>\n<p style=\"text-align: justify;\"><img loading=\"lazy\" decoding=\"async\" src=\"http:\/\/www.muzeum.ostroleka.pl\/\/container\/loga_Ostoja_01.JPG\" alt=\"\" width=\"600\" height=\"104\"><\/p>\n","protected":false},"excerpt":{"rendered":"<p>Dnia 13 maja 2016 r. w siedzibie Muzeum Kultury Kurpiowskiej w&nbsp;Ostro\u0142\u0119ce odby\u0142 si\u0119 wernisa\u017c wystawy pt.&nbsp;Stanis\u0142aw Ostoja-Kotkowski. &nbsp; Zgromadzonych go\u015bci powita\u0142a Dyrektor Muzeum Pani Maria Samsel. Nast\u0119pnie Pani Joanna Zy\u015bk \u2013 Kierownik Dzia\u0142u Historyczno-Artystycznego \u2013 przybli\u017cy\u0142a posta\u0107 Ostoi-Kotkowskiego oraz przedstawi\u0142a ide\u0119 wystawy. Po kr\u00f3tkich przemowach przyby\u0142ych go\u015bci rozpocz\u0119\u0142o si\u0119 zwiedzanie intryguj\u0105cej ekspozycji. Wystawa&nbsp;Stanis\u0142aw Ostoja-Kotkowski&nbsp;b\u0119dzie prezentowana&nbsp;od [&hellip;]<\/p>\n","protected":false},"author":3,"featured_media":2166,"comment_status":"open","ping_status":"open","sticky":false,"template":"","format":"standard","meta":{"_acf_changed":false,"_lmt_disableupdate":"","_lmt_disable":"","_monsterinsights_skip_tracking":false,"_monsterinsights_sitenote_active":false,"_monsterinsights_sitenote_note":"","_monsterinsights_sitenote_category":0,"ngg_post_thumbnail":0,"footnotes":""},"categories":[53],"tags":[],"class_list":["post-2165","post","type-post","status-publish","format-standard","has-post-thumbnail","hentry","category-wystawy-czasowe-archiwalne"],"acf":[],"modified_by":"Daniel Go\u0142a\u015b","_links":{"self":[{"href":"https:\/\/muzeum.ostroleka.pl\/index.php?rest_route=\/wp\/v2\/posts\/2165","targetHints":{"allow":["GET"]}}],"collection":[{"href":"https:\/\/muzeum.ostroleka.pl\/index.php?rest_route=\/wp\/v2\/posts"}],"about":[{"href":"https:\/\/muzeum.ostroleka.pl\/index.php?rest_route=\/wp\/v2\/types\/post"}],"author":[{"embeddable":true,"href":"https:\/\/muzeum.ostroleka.pl\/index.php?rest_route=\/wp\/v2\/users\/3"}],"replies":[{"embeddable":true,"href":"https:\/\/muzeum.ostroleka.pl\/index.php?rest_route=%2Fwp%2Fv2%2Fcomments&post=2165"}],"version-history":[{"count":1,"href":"https:\/\/muzeum.ostroleka.pl\/index.php?rest_route=\/wp\/v2\/posts\/2165\/revisions"}],"predecessor-version":[{"id":2167,"href":"https:\/\/muzeum.ostroleka.pl\/index.php?rest_route=\/wp\/v2\/posts\/2165\/revisions\/2167"}],"wp:featuredmedia":[{"embeddable":true,"href":"https:\/\/muzeum.ostroleka.pl\/index.php?rest_route=\/wp\/v2\/media\/2166"}],"wp:attachment":[{"href":"https:\/\/muzeum.ostroleka.pl\/index.php?rest_route=%2Fwp%2Fv2%2Fmedia&parent=2165"}],"wp:term":[{"taxonomy":"category","embeddable":true,"href":"https:\/\/muzeum.ostroleka.pl\/index.php?rest_route=%2Fwp%2Fv2%2Fcategories&post=2165"},{"taxonomy":"post_tag","embeddable":true,"href":"https:\/\/muzeum.ostroleka.pl\/index.php?rest_route=%2Fwp%2Fv2%2Ftags&post=2165"}],"curies":[{"name":"wp","href":"https:\/\/api.w.org\/{rel}","templated":true}]}}