{"id":2170,"date":"2017-10-13T10:05:59","date_gmt":"2017-10-13T09:05:59","guid":{"rendered":"https:\/\/muzeum.ostroleka.pl\/?p=2170"},"modified":"2019-12-03T10:18:46","modified_gmt":"2019-12-03T09:18:46","slug":"wystawa-czasowa-beliniacy","status":"publish","type":"post","link":"https:\/\/muzeum.ostroleka.pl\/?p=2170","title":{"rendered":"Wystawa czasowa &#8222;Beliniacy&#8221;"},"content":{"rendered":"<div class=\"leadArticle\">\n<p style=\"text-align: justify;\">Na ekspozycji zosta\u0142a przybli\u017cona historia 1 Pu\u0142ku U\u0142an\u00f3w Legion\u00f3w Polskich nazywanych potocznie, od pseudonimu dow\u00f3dcy W\u0142adys\u0142awa Beliny-Pra\u017cmowskiego, Beliniakami. Wa\u017cnym punktem &#8222;opowie\u015bci&#8221; jest okres stacjonowania pu\u0142ku w Ostro\u0142\u0119ce od listopada 1916 do sierpnia 1917 r.<\/p>\n<\/div>\n<p style=\"text-align: justify;\">Zwiedzaj\u0105cy mog\u0105 zobaczy\u0107 fotografie archiwalne, przedstawienia malarskie, odznaczenia, pami\u0105tki i&nbsp;inne przedmioty zwi\u0105zane z pierwsz\u0105 formacj\u0105 kawaleryjsk\u0105 w niepodleg\u0142ej Polsce.<\/p>\n<p style=\"text-align: justify;\">Wystawa zorganizowana przez Muzeum Kultury Kurpiowskiej w Ostro\u0142\u0119ce przy wsp\u00f3\u0142pracy z Wojskowym Biurem Historycznym b\u0119dzie prezentowana do 30 listopada br.<\/p>\n<p style=\"text-align: justify;\">Ekspozycji towarzyszy oferta edukacyjna skierowana do dzieci w wieku przedszkolnym i szkolnym oraz wystawa&nbsp;\u201eNa ko\u0144! Wyposa\u017cenie kawalerii polskiej XX w.\u201d, na kt\u00f3rej rezentujemy fragment prywatnej kolekcji gromadzonej przez ponad 50 lat przez Wojciecha Surawskiego z \u0141om\u017cy. Na ekspozycji znajduj\u0105 si\u0119 wybrane elementy wyposa\u017cenia kawalerii w XX wieku, w tym te zwi\u0105zane z 5 Pu\u0142kiem U\u0142an\u00f3w Zas\u0142awskich z Ostro\u0142\u0119ki.<\/p>\nngg_shortcode_0_placeholder\n","protected":false},"excerpt":{"rendered":"<p>Na ekspozycji zosta\u0142a przybli\u017cona historia 1 Pu\u0142ku U\u0142an\u00f3w Legion\u00f3w Polskich nazywanych potocznie, od pseudonimu dow\u00f3dcy W\u0142adys\u0142awa Beliny-Pra\u017cmowskiego, Beliniakami. Wa\u017cnym punktem &#8222;opowie\u015bci&#8221; jest okres stacjonowania pu\u0142ku w Ostro\u0142\u0119ce od listopada 1916 do sierpnia 1917 r. Zwiedzaj\u0105cy mog\u0105 zobaczy\u0107 fotografie archiwalne, przedstawienia malarskie, odznaczenia, pami\u0105tki i&nbsp;inne przedmioty zwi\u0105zane z pierwsz\u0105 formacj\u0105 kawaleryjsk\u0105 w niepodleg\u0142ej Polsce. Wystawa zorganizowana [&hellip;]<\/p>\n","protected":false},"author":3,"featured_media":2182,"comment_status":"open","ping_status":"open","sticky":false,"template":"","format":"standard","meta":{"_acf_changed":false,"_lmt_disableupdate":"","_lmt_disable":"","_monsterinsights_skip_tracking":false,"_monsterinsights_sitenote_active":false,"_monsterinsights_sitenote_note":"","_monsterinsights_sitenote_category":0,"ngg_post_thumbnail":0,"footnotes":""},"categories":[53],"tags":[],"class_list":["post-2170","post","type-post","status-publish","format-standard","has-post-thumbnail","hentry","category-wystawy-czasowe-archiwalne"],"acf":[],"modified_by":"Daniel Go\u0142a\u015b","_links":{"self":[{"href":"https:\/\/muzeum.ostroleka.pl\/index.php?rest_route=\/wp\/v2\/posts\/2170","targetHints":{"allow":["GET"]}}],"collection":[{"href":"https:\/\/muzeum.ostroleka.pl\/index.php?rest_route=\/wp\/v2\/posts"}],"about":[{"href":"https:\/\/muzeum.ostroleka.pl\/index.php?rest_route=\/wp\/v2\/types\/post"}],"author":[{"embeddable":true,"href":"https:\/\/muzeum.ostroleka.pl\/index.php?rest_route=\/wp\/v2\/users\/3"}],"replies":[{"embeddable":true,"href":"https:\/\/muzeum.ostroleka.pl\/index.php?rest_route=%2Fwp%2Fv2%2Fcomments&post=2170"}],"version-history":[{"count":1,"href":"https:\/\/muzeum.ostroleka.pl\/index.php?rest_route=\/wp\/v2\/posts\/2170\/revisions"}],"predecessor-version":[{"id":2183,"href":"https:\/\/muzeum.ostroleka.pl\/index.php?rest_route=\/wp\/v2\/posts\/2170\/revisions\/2183"}],"wp:featuredmedia":[{"embeddable":true,"href":"https:\/\/muzeum.ostroleka.pl\/index.php?rest_route=\/wp\/v2\/media\/2182"}],"wp:attachment":[{"href":"https:\/\/muzeum.ostroleka.pl\/index.php?rest_route=%2Fwp%2Fv2%2Fmedia&parent=2170"}],"wp:term":[{"taxonomy":"category","embeddable":true,"href":"https:\/\/muzeum.ostroleka.pl\/index.php?rest_route=%2Fwp%2Fv2%2Fcategories&post=2170"},{"taxonomy":"post_tag","embeddable":true,"href":"https:\/\/muzeum.ostroleka.pl\/index.php?rest_route=%2Fwp%2Fv2%2Ftags&post=2170"}],"curies":[{"name":"wp","href":"https:\/\/api.w.org\/{rel}","templated":true}]}}