{"id":2184,"date":"2017-07-11T10:00:23","date_gmt":"2017-07-11T09:00:23","guid":{"rendered":"https:\/\/muzeum.ostroleka.pl\/?p=2184"},"modified":"2019-12-03T10:26:22","modified_gmt":"2019-12-03T09:26:22","slug":"wsrod-zwierzat-z-kolekcji-art-brut","status":"publish","type":"post","link":"https:\/\/muzeum.ostroleka.pl\/?p=2184","title":{"rendered":"W\u015br\u00f3d zwierz\u0105t. Z kolekcji Art Brut."},"content":{"rendered":"<div class=\"leadArticle\">\n<p style=\"text-align: justify;\"><strong>Tytu\u0142:<\/strong>&nbsp;&nbsp;\u201eW\u015br\u00f3d zwierz\u0105t. Z kolekcji Art Brut \u201d&nbsp;<\/p>\n<p style=\"text-align: justify;\"><strong>Czas trwania wystawy:<\/strong>&nbsp;&nbsp;od 11.07.2017 r. &nbsp;do 15.09.2017 r.<\/p>\n<p style=\"text-align: justify;\"><strong>Komisarz wystawy:&nbsp;<\/strong>Maria Samsel<\/p>\n<p style=\"text-align: justify;\"><strong>Oprawa plastyczna:&nbsp;<\/strong>Magdalena Krystianiak<\/p>\n<\/div>\n<p style=\"text-align: justify;\">Istnieje sztuka, kt\u00f3ra nie poddaje si\u0119 jakimkolwiek pr\u00f3bom klasyfikacji, nie odwo\u0142uje si\u0119 do konkretnego stylu czy epoki w dziejach. Tworz\u0105 j\u0105 samorodni arty\u015bci, nie obci\u0105\u017ceni baga\u017cem tradycji, szk\u00f3\u0142, warsztat\u00f3w. Ich dzie\u0142a rodz\u0105 si\u0119 z g\u0142\u0119bokiej, nieskr\u0119powanej niczym potrzeby tworzenia a ekspresja znajduje uj\u015bcie w r\u00f3\u017cnorodnych formach: obrazach, rysunkach, rze\u017abach.<\/p>\n<p style=\"text-align: justify;\">Surowe pi\u0119kno tych artefakt\u00f3w zachwyci\u0142o pewnego francuskiego malarza i rze\u017abiarza. Nazywa\u0142 si\u0119 Jean Dubuffet. To on odkry\u0142 dla \u015bwiata &#8222;inn\u0105 sztuk\u0119&#8221; i nazwa\u0142 j\u0105 ART BRUT. Pierwsza wystawa&nbsp;<em>La Compagnie de l&#8217;Art Brut&nbsp;<\/em>zorganizowana zosta\u0142a w Galerii Drouin Ren\u00e9 w Pary\u017cu, tworzy\u0142o j\u0105 200 prac sze\u015b\u0107dziesi\u0119ciu trzech autor\u00f3w.&nbsp;W Polsce ten rodzaj tw\u00f3rczo\u015bci wkroczy\u0142 na salony wystawowe w 1965 roku. Wtedy to za spraw\u0105 Aleksandra Jackowskiego w warszawskiej &#8222;Zach\u0119cie&#8221; zorganizowano wystaw\u0119 zatytu\u0142owan\u0105&nbsp;<em>Inni<\/em>. W\u015br\u00f3d innych wa\u017cnych prezentacji sztuki art brut w Polsce nale\u017cy wymieni\u0107 wystaw\u0119&nbsp;<em>Talent-pasja-intuicja zorganizowan\u0105<\/em>&nbsp;przez Aleksandra Jackowskiego i Adama Zielezi\u0144skiego w 1985 roku w Muzeum Okr\u0119gowym w Radomiu. Okre\u015blenie art brut na gruncie polskim zacz\u0119to powszechnie stosowa\u0107 od 1987 roku, cho\u0107 w ostatnich latach r\u00f3wnorz\u0119dnie stosowane jest okre\u015blenie outsider art. W 2016 roku Pa\u0144stwowe Muzeum Etnograficzne w Warszawie zrealizowa\u0142o projekt &#8222;Gorzki smak &#8211; art brut. Badania &#8211; kolekcje &#8211; wystawy w Polsce na prze\u0142omie XX\/XXI wieku&#8221;. Wystawa&nbsp;<em>Szara strefa sztuki &#8211; polscy tw\u00f3rcy art brut&nbsp;<\/em>zrealizowana w ramach projektu prezentowa\u0142a ponad 100 prac trzydziestu jeden artyst\u00f3w z Polski tworz\u0105cych w nurcie art brut. Towarzysz\u0105ca wystawie publikacja jest niezwykle cennym opracowaniem, dotycz\u0105cym kolekcji nie tylko muzealnych tego gatunku sztuki.<\/p>\n<p style=\"text-align: justify;\">&nbsp;&nbsp; &nbsp;&nbsp;O art brut czy outsider art nie mo\u017cna m\u00f3wi\u0107 bez odniesienia do osobowo\u015bci artyst\u00f3w, kt\u00f3rzy j\u0105 kreuj\u0105. W\u015br\u00f3d nich s\u0105 pacjenci oddzia\u0142\u00f3w psychiatrycznych w szpitalach, pensjonariusze dom\u00f3w pomocy spo\u0142ecznej, osoby wyrzucone poza spo\u0142eczno\u015b\u0107 lokaln\u0105, nieakceptowane przez najbli\u017csz\u0105 rodzin\u0119, naznaczone chorob\u0105, niepe\u0142nosprawno\u015bci\u0105. W swojej tw\u00f3rczo\u015bci cz\u0119sto odnosz\u0105 si\u0119 do najbli\u017cszego znanego \u015bwiata przyrody. Cz\u0119sto przedstawiane s\u0105 zwierz\u0119ta gospodarskie (krowy, \u015bwinie, konie), egzotyczne czy nawet fantastyczne. S\u0105 one tematem prac wykonanych w r\u00f3\u017cnych technikach. \u017byciorysy Adama Dembi\u0144skiego, Genowefy Magiery, W\u0142odzimierza Ros\u0142ona, Romana Rutkowskiego czy wielu innych, zawieraj\u0105 traumatyczne prze\u017cycia i wydarzenia, kt\u00f3rych skutkiem by\u0142a izolacja od otoczenia i zamkni\u0119cie w \u015bwiecie w\u0142asnych prze\u017cy\u0107. Niekiedy ich tw\u00f3rcza ekspresja by\u0142a form\u0105 komunikowania z otoczeniem, a fantastyczny \u015bwiat przedstawiony na obrazach i rysunkach rekompensowa\u0142 niepe\u0142ne wi\u0119zi z otoczeniem i by\u0142 ucieczk\u0105 od trosk i niedostatk\u00f3w dnia codziennego. Surowa, prosta, niekiedy dzieci\u0119cia wyobra\u017ania plastyczna pozwala na tworzenie pe\u0142nych ekspresji prac, a cz\u0119sto ich forma podyktowana jest naturalnym kszta\u0142tem materia\u0142u, jak to si\u0119 dzieje w przypadku rze\u017aby np. Henryka Ciszewskiego. Idea naturalno\u015bci, kt\u00f3ra jest podstaw\u0105 definicja sztuki art brut najpe\u0142niej realizuje si\u0119 w tematach zwi\u0105zanych ze \u015bwiatem przyrody, zwierz\u0105t. To ludzi i zwierz\u0119ta \u0142\u0105cz\u0105 proste relacje, w kt\u00f3rych nie ma fa\u0142szu czy zak\u0142amania. \u015awinie, krowy, konie, kury, wierne psy, pi\u0119kne ptaki przypomina\u0142y artystom szcz\u0119\u015bliwe lata dzieci\u0144stwa sp\u0119dzone na wsi,&nbsp;&nbsp;&nbsp; w otoczeniu rodziny. U schy\u0142ku \u017cycia to osoby cz\u0119sto samotne, pensjonariusze dom\u00f3w pomocy spo\u0142ecznej, uczestnicy warsztat\u00f3w terapii zaj\u0119ciowej. Przebywanie w\u015br\u00f3d zwierz\u0105t, cho\u0107by tych z rodzinnego podw\u00f3rka narysowanych, malowanych czy wyrze\u017abionych z kawa\u0142ka drewna daje poczucie bezpiecze\u0144stwa i jest wspomnieniem czas\u00f3w szcz\u0119\u015bliwo\u015bci. Spo\u015br\u00f3d wielu temat\u00f3w poruszanych przez tw\u00f3rc\u00f3w art brut to zwierz\u0119ta s\u0105 dla niekt\u00f3rych jedynym lub wiod\u0105cym motywem w ich pracach. W pracach wybranych do wystawy w Muzeum Kultury Kurpiowskiej w Ostro\u0142\u0119ce fruwaj\u0105 fantastyczne ptaki, chodz\u0105 okaza\u0142e \u015bwinie, biegaj\u0105 wilki i egzotyczne \u017cyrafy.<\/p>\n<p style=\"text-align: justify;\"><em>&nbsp;Maria Samsel<\/em><\/p>\n<p style=\"text-align: justify;\"><em>&nbsp;<\/em><\/p>\n<h3 style=\"text-align: justify;\">Na wystawie w Muzeum Kultury Kurpiowskiej w Ostro\u0142\u0119ce prezentowane s\u0105 prace nast\u0119puj\u0105cych artyst\u00f3w:<\/h3>\n<p style=\"text-align: justify;\">Henryk Ciszewski<\/p>\n<p style=\"text-align: justify;\">Adam Dembi\u0144ski<\/p>\n<p style=\"text-align: justify;\">Katarzyna Gaw\u0142owa<\/p>\n<p style=\"text-align: justify;\">Piotr G\u0119gniewicz<\/p>\n<p style=\"text-align: justify;\">Henryka Hak &#8211; Szymajda<\/p>\n<p style=\"text-align: justify;\">Ryszard Kosek<\/p>\n<p style=\"text-align: justify;\">Marek Krauss<\/p>\n<p style=\"text-align: justify;\">Genowefa Magiera<\/p>\n<p style=\"text-align: justify;\">Justyna Matysiak<\/p>\n<p style=\"text-align: justify;\">Adam Nidzgorski<\/p>\n<p style=\"text-align: justify;\">Helena Ptaszy\u0144ska<\/p>\n<p style=\"text-align: justify;\">W\u0142odzimierz Ros\u0142on<\/p>\n<p style=\"text-align: justify;\">Roman Rutkowski<\/p>\n<p style=\"text-align: justify;\">W\u0142adys\u0142aw Rybkowski<\/p>\n<p style=\"text-align: justify;\">Andrzej Staszewski<\/p>\n<p style=\"text-align: justify;\">Marianna Wi\u015bnios<\/p>\n<p style=\"text-align: justify;\">Stanis\u0142aw Zagajewski<\/p>\n<p style=\"text-align: justify;\">&nbsp;<\/p>\n<h3 style=\"text-align: justify;\">Wystawa zorganizowana ze zbior\u00f3w:<\/h3>\n<p style=\"text-align: justify;\">Muzeum Kultury Kurpiowskiej w Ostro\u0142\u0119ce<\/p>\n<p style=\"text-align: justify;\">Pa\u0144stwowego Muzeum Etnograficznego w Warszawie<\/p>\n<p style=\"text-align: justify;\">Kolekcji Andrzeja Kwasiborskiego<\/p>\n<p style=\"text-align: justify;\">Muzeum Wsi Mazowieckiej w Sierpcu<\/p>\n<p style=\"text-align: justify;\">Muzeum Sztuki Ludowej w Otr\u0119busach<\/p>\n<p style=\"text-align: justify;\">Muzeum Weterynarii w Przasnyszu<\/p>\n<p style=\"text-align: justify;\">Muzeum Historycznego w Przasnyszu<\/p>\n<p style=\"text-align: justify;\">Anny Krzykowskiej<\/p>\nngg_shortcode_0_placeholder\n","protected":false},"excerpt":{"rendered":"<p>Tytu\u0142:&nbsp;&nbsp;\u201eW\u015br\u00f3d zwierz\u0105t. Z kolekcji Art Brut \u201d&nbsp; Czas trwania wystawy:&nbsp;&nbsp;od 11.07.2017 r. &nbsp;do 15.09.2017 r. Komisarz wystawy:&nbsp;Maria Samsel Oprawa plastyczna:&nbsp;Magdalena Krystianiak Istnieje sztuka, kt\u00f3ra nie poddaje si\u0119 jakimkolwiek pr\u00f3bom klasyfikacji, nie odwo\u0142uje si\u0119 do konkretnego stylu czy epoki w dziejach. Tworz\u0105 j\u0105 samorodni arty\u015bci, nie obci\u0105\u017ceni baga\u017cem tradycji, szk\u00f3\u0142, warsztat\u00f3w. Ich dzie\u0142a rodz\u0105 si\u0119 z [&hellip;]<\/p>\n","protected":false},"author":3,"featured_media":2195,"comment_status":"open","ping_status":"open","sticky":false,"template":"","format":"standard","meta":{"_acf_changed":false,"_lmt_disableupdate":"","_lmt_disable":"","_monsterinsights_skip_tracking":false,"_monsterinsights_sitenote_active":false,"_monsterinsights_sitenote_note":"","_monsterinsights_sitenote_category":0,"ngg_post_thumbnail":0,"footnotes":""},"categories":[53],"tags":[],"class_list":["post-2184","post","type-post","status-publish","format-standard","has-post-thumbnail","hentry","category-wystawy-czasowe-archiwalne"],"acf":[],"modified_by":"Daniel Go\u0142a\u015b","_links":{"self":[{"href":"https:\/\/muzeum.ostroleka.pl\/index.php?rest_route=\/wp\/v2\/posts\/2184","targetHints":{"allow":["GET"]}}],"collection":[{"href":"https:\/\/muzeum.ostroleka.pl\/index.php?rest_route=\/wp\/v2\/posts"}],"about":[{"href":"https:\/\/muzeum.ostroleka.pl\/index.php?rest_route=\/wp\/v2\/types\/post"}],"author":[{"embeddable":true,"href":"https:\/\/muzeum.ostroleka.pl\/index.php?rest_route=\/wp\/v2\/users\/3"}],"replies":[{"embeddable":true,"href":"https:\/\/muzeum.ostroleka.pl\/index.php?rest_route=%2Fwp%2Fv2%2Fcomments&post=2184"}],"version-history":[{"count":2,"href":"https:\/\/muzeum.ostroleka.pl\/index.php?rest_route=\/wp\/v2\/posts\/2184\/revisions"}],"predecessor-version":[{"id":2196,"href":"https:\/\/muzeum.ostroleka.pl\/index.php?rest_route=\/wp\/v2\/posts\/2184\/revisions\/2196"}],"wp:featuredmedia":[{"embeddable":true,"href":"https:\/\/muzeum.ostroleka.pl\/index.php?rest_route=\/wp\/v2\/media\/2195"}],"wp:attachment":[{"href":"https:\/\/muzeum.ostroleka.pl\/index.php?rest_route=%2Fwp%2Fv2%2Fmedia&parent=2184"}],"wp:term":[{"taxonomy":"category","embeddable":true,"href":"https:\/\/muzeum.ostroleka.pl\/index.php?rest_route=%2Fwp%2Fv2%2Fcategories&post=2184"},{"taxonomy":"post_tag","embeddable":true,"href":"https:\/\/muzeum.ostroleka.pl\/index.php?rest_route=%2Fwp%2Fv2%2Ftags&post=2184"}],"curies":[{"name":"wp","href":"https:\/\/api.w.org\/{rel}","templated":true}]}}