{"id":2198,"date":"2017-04-10T10:00:15","date_gmt":"2017-04-10T09:00:15","guid":{"rendered":"https:\/\/muzeum.ostroleka.pl\/?p=2198"},"modified":"2019-12-03T10:31:43","modified_gmt":"2019-12-03T09:31:43","slug":"kajko-i-kokosz-komiksowa-archeologia","status":"publish","type":"post","link":"https:\/\/muzeum.ostroleka.pl\/?p=2198","title":{"rendered":"&#8222;Kajko i Kokosz &#8211; komiksowa archeologia&#8221;"},"content":{"rendered":"<p style=\"text-align: justify;\">Now\u0105 wystaw\u0119 czasow\u0105 &#8222;Kajko i Kokosz &#8211; komiksowa archeologia&#8221; mo\u017cna zwiedzia\u0107 w siedzibie Muzeum Kultury Kurpiowskiej w Ostro\u0142\u0119ce przy placu gen. J. Bema 8. Wystawa czynna od 8 kwietnia do 29 czerwca 2017 r. Makiet\u0119 Mirmi\u0142owa, wykonan\u0105 z klock\u00f3w Lego, mo\u017cna b\u0119dzie podziwia\u0107 jedynie do 20 maja 2017 r.<\/p>\n<p style=\"text-align: justify;\">Wystawa \u201eKajko i Kokosz \u2013 komiksowa archeologia\u201d po raz pierwszy w historii muzealnictwa polskiego \u0142\u0105czy archeologi\u0119 z komiksem. Por\u00f3wnuje dwa \u015bwiaty: znalezisk archeologicznych oraz podobnych zabytk\u00f3w wykorzystanych na kadrach komiks\u00f3w Janusza Christy. W gablotach znajdziemy bezcenne eksponaty archeologiczne, a na planszach r\u00f3wnie bezcenne poczucie humoru i przygod\u0119. Wystaw\u0119 t\u0119 opr\u00f3cz pracownik\u00f3w Muzeum Archeologicznego w Gda\u0144sku tworz\u0105 Wojciech \u0141owicki, znany promotor komiksu w Polsce, Paulina Christa, wnuczka oraz dziedziczka artysty oraz pasjonaci tw\u00f3rczo\u015bci Janusza Christy dzia\u0142aj\u0105cy w ramach bloga \u201eNa plasterki!!!\u201d<\/p>\n<p style=\"text-align: justify;\">Janusz Christa, Mistrz Polskiego Komiksu, przez lata zaprasza\u0142 nas w \u015bwiat s\u0142owia\u0144skich woj\u00f3w i staro\u017cytnych czas\u00f3w na polskich ziemiach, wspaniale \u0142\u0105czy\u0142 histori\u0119 naszej ojczyzny, wierzenia jej lud\u00f3w, zwyczaje, ubi\u00f3r czy architektur\u0119 z przygodami towarzysz\u0105cymi postaciom z komiks\u00f3w. Jako mieszkaniec Sopotu Christa nie zapomina\u0142 o Wybrze\u017cu. Wiele odniesie\u0144 znajdziemy i na ten temat. Skansen archeologiczny \u201eGrodzisko w Sopocie\u201d nieco przypomina zabudowania Mirmi\u0142owa \u2013 legendarnego grodu Kajka i Kokosza. Ka\u017cdemu wielbicielowi jego tw\u00f3rczo\u015bci \u201eGrodzisko\u201d przypomni k a r t y komiksu ze s\u0142owia\u0144sk\u0105 krain\u0105 i puszcz\u0105 pe\u0142n\u0105 dzikiego zwierza, z mieszka\u0144cami grodu Mirmi\u0142owo, rz\u0105dzonego przez kasztelana Mirmi\u0142a, strze\u017conego przez dw\u00f3ch dzielnych woj\u00f3w, Kajka i Kokosza. Do zabawy w odkrywanie \u015bwiata Kajka i Kokosza oraz podr\u00f3\u017c w czasie do krainy S\u0142owian chcemy zaprosi\u0107 nie tylko poprzez wystaw\u0119 prezentuj\u0105c\u0105 cenne i wyj\u0105tkowe zabytki, pochodz\u0105ce ze zbior\u00f3w Muzeum Archeologicznego w Gda\u0144sku. Wystawa ma, zgodnie z klasyczn\u0105 doktryn\u0105 dobrego komiksu, bawi\u0105c-uczy\u0107. Anegdota przewija\u0107 ma si\u0119 tutaj z wiedz\u0105 historyczn\u0105, najzabawniejsze sceny z komiks\u00f3w z opisem prawdziwych wydarze\u0144 jakie rozegra\u0142y si\u0119 dawno temu na ziemiach naszego kraju. Przeznaczona jest dla przedstawicieli wszystkich pokole\u0144, bez wyj\u0105tku. Z jednej strony ma charakter edukacyjny i jest skierowana do m\u0142odszego pokolenia zwiedzaj\u0105cych, a z drugiej, poprzez sw\u00f3j wymiar sentymentalny, zainteresuje doros\u0142ych widz\u00f3w \u2013 tych, kt\u00f3rych komiks ten bawi\u0142 i uczy\u0142 przed laty.<\/p>\n<p style=\"text-align: justify;\">Zaprezentowane materia\u0142y archeologiczne (ok. 70 zabytk\u00f3w) pochodz\u0105 z Muzeum Archeologicznego w Gda\u0144sku. Oryginalne plansze i pami\u0105tki udost\u0119pni\u0142a Fundacja \u201eKreska\u201d im. Janusza Christy. Fragmenty komiks\u00f3w zosta\u0142y wykorzystane do cel\u00f3w wystawienniczych za zgod\u0105 wydawnictwa Egmont.<\/p>\n<p style=\"text-align: justify;\">Tekst: W. \u0141owicki i P. Pogodzi\u0144ski<\/p>\n<p style=\"text-align: justify;\">Janusz Christa, jeden z najwi\u0119kszych polskich tw\u00f3rc\u00f3w komiksu (a mo\u017ce najwi\u0119kszy), zmar\u0142 15 listopada 2008 r. Zd\u0105\u017cy\u0142 narysowa\u0107 4.700 komiksowych pask\u00f3w, 700 plansz i olbrzymi\u0105 ilo\u015b\u0107 ilustracji. Wyda\u0142 oko\u0142o 40 album\u00f3w komiksowych w \u0142\u0105cznym nak\u0142adzie 10 milion\u00f3w egzemplarzy. Prze\u017cy\u0142 74 lata, dorobiwszy si\u0119 ma\u0142ego mieszkanka w Sopocie, medalu Zas\u0142u\u017cony Kulturze &#8222;Gloria Artis&#8221; i niezliczonej rzeszy wielbicieli. Stworzone przez niego serie komiksowe &#8222;Kajko i Kokosz&#8221; oraz &#8222;Kajtek i Koko&#8221; od pokole\u0144 ciesz\u0105 si\u0119 mianem kultowych, a ich bohaterowie znani s\u0105 chyba wszystkim Polakom. Christa urodzi\u0142 si\u0119 19 lipca 1934 w Wilnie, w\u00f3wczas jeszcze polskim mie\u015bcie na kresach wschodnich. W 1939 Wilno znalaz\u0142o si\u0119 pod okupacj\u0105 radzieck\u0105, a w 1941 &#8211; niemieck\u0105. Ojciec i dwaj starsi bracia ma\u0142ego Janusza wst\u0105pili do Wile\u0144skiego Okr\u0119gu AK. Po ponownym wkroczeniu Rosjan do Wilna, ca\u0142a rodzina &#8211; cho\u0107 osobno &#8211; wyruszy\u0142a do Polski, by przez radzieckie wi\u0119zienia i poniemieckie obozy, le\u015bne bazy \u017co\u0142nierzy wykl\u0119tych (bracia walczyli w oddziale \u0141upaszki) i koszary Ludowego Wojska Polskiego, trafi\u0107 w ko\u0144cu do Sopotu. Tu Janusz poszed\u0142 do szko\u0142y i wst\u0105pi\u0142 do harcerstwa. Nigdy nie zdoby\u0142 formalnego wykszta\u0142cenia plastycznego. Prac\u0119 rozpocz\u0105\u0142 zaraz po ma\u0142ej maturze, kt\u00f3r\u0105 zrobi\u0142 w szkole handlowej. Pocz\u0105tkowo ima\u0142 si\u0119 rozmaitych zaj\u0119\u0107: by\u0142 magazynierem, &#8222;normowszczykiem&#8221; i jazzowym perkusist\u0105. Jako rysownik zadebiutowa\u0142 w roku 1956 na \u0142amach miesi\u0119cznika &#8222;Jazz&#8221;. Przez nast\u0119pne dwa lata miota\u0142 si\u0119 od gazety do gazety, publikuj\u0105c gdzie si\u0119 da\u0142o komiksy o dzieciach, milicjantach, kowbojach, a nawet o Tarzanie. Cha\u0142turnicza tu\u0142aczka dobieg\u0142a ko\u0144ca 15 wrze\u015bnia 1958, wraz z pierwszym paskiem o Kajtku-Majtku. Rozpocz\u0119ty w ten spos\u00f3b cykl &#8222;Kajtek i Koko&#8221;, a p\u00f3\u017aniej &#8222;Kajko i Kokosz&#8221; zago\u015bci\u0142 w &#8222;Wieczorze Wybrze\u017ca&#8221; na ca\u0142e 17 lat, ukazuj\u0105c si\u0119 dzie\u0144 w dzie\u0144, za wyj\u0105tkiem niedziel. W mi\u0119dzyczasie rysownik eksternistycznie zda\u0142 du\u017c\u0105 matur\u0119 w Technikum Ekonomicznym dla Pracuj\u0105cych. Wsp\u00f3\u0142prac\u0119 z gda\u0144sk\u0105 popo\u0142udni\u00f3wk\u0105 Christa przerwa\u0142 w roku 1975, by wraz ze swoimi bohaterami przej\u015b\u0107 do &#8222;\u015awiata M\u0142odych&#8221;, a wkr\u00f3tce potem do magazynu &#8222;Relax&#8221;. Przynios\u0142o mu to og\u00f3lnopolsk\u0105 s\u0142aw\u0119, por\u00f3wnywaln\u0105 jedynie z popularno\u015bci\u0105 Papcia Chmiela. Niestety, w wieku zaledwie 55 lat Christa niespodziewanie zako\u0144czy\u0142 karier\u0119 albumem &#8222;Mirmi\u0142 w opa\u0142ach&#8221;, kt\u00f3ry okaza\u0142 si\u0119 po\u017cegnaniem nie tylko z PRL-em, ale i z par\u0105 jego sztandarowych bohater\u00f3w. Od lat 90-tych XX w. autor tworzy\u0142 coraz mniej, aby w ko\u0144cu przesta\u0107. Zmusi\u0142y go do tego wzgl\u0119dy zdrowotne. Mi\u0119dzy innymi problemy ze wzrokiem. Chocia\u017c, jak sam mawia\u0142, potrafi\u0142by rysowa\u0107 Kajka i Kokosza cho\u0107by z zamkni\u0119tymi oczami&#8230; 31 maja 2007 roku Janusz Christa odznaczony zosta\u0142 medalem Gloria Artis. Zmar\u0142 kilkana\u015bcie miesi\u0119cy p\u00f3\u017aniej. Janusz Christa by\u0142 nie tylko wybitnym tw\u00f3rc\u0105, ale i niezr\u00f3wnanym gaw\u0119dziarzem. Niestety nigdy nie dowiemy si\u0119, czy zabawne anegdoty, kt\u00f3rymi ch\u0119tnie okrasza\u0142 wywiady (niby wci\u0105\u017c te same, ale nigdy nie takie same) by\u0142y cz\u0119\u015bci\u0105 jego \u017cycia, czy te\u017c jeszcze jednym komiksem, tym razem bez rysunk\u00f3w.<\/p>\n<p style=\"text-align: justify;\">Biogram cytowany za blogiem \u2018Na plasterki!!!\u2019 (po\u015bwi\u0119conym tw\u00f3rczo\u015bci Janusza Christy oraz jego fanom).<\/p>\n<p style=\"text-align: justify;\">Wystawa ze zbior\u00f3w:<\/p>\n<p style=\"text-align: justify;\">Muzeum Archeologicznego w Gda\u0144sku<\/p>\n<p style=\"text-align: justify;\">Fundacji \u201eKreska\u201d im. Janusza Christy<\/p>\n<p style=\"text-align: justify;\">Stanis\u0142awa Or\u0142owskiego<\/p>\n<p style=\"text-align: justify;\">Autorzy scenariusza:<\/p>\n<p style=\"text-align: justify;\">Wojciech \u0141owicki, Pawe\u0142 Pogodzi\u0144ski<\/p>\n<p style=\"text-align: justify;\">Komisarze wystawy:<\/p>\n<p style=\"text-align: justify;\">Pawe\u0142 Pogodzi\u0144ski (Muzeum Archeologiczne w Gda\u0144sku)<\/p>\n<p style=\"text-align: justify;\">Gra\u017cyna Talarek (Muzeum Kultury Kurpiowskiej w Ostro\u0142\u0119ce)<\/p>\n<p style=\"text-align: justify;\">Oprawa plastyczna:<\/p>\n<p style=\"text-align: justify;\">Magdalena Krystianiak<\/p>\n<p style=\"text-align: justify;\">Monta\u017c:<\/p>\n<p style=\"text-align: justify;\">Mariusz Macioch, Beata Romanowska, Martyna Czerepska<\/p>\nngg_shortcode_0_placeholder\n","protected":false},"excerpt":{"rendered":"<p>Now\u0105 wystaw\u0119 czasow\u0105 &#8222;Kajko i Kokosz &#8211; komiksowa archeologia&#8221; mo\u017cna zwiedzia\u0107 w siedzibie Muzeum Kultury Kurpiowskiej w Ostro\u0142\u0119ce przy placu gen. J. Bema 8. Wystawa czynna od 8 kwietnia do 29 czerwca 2017 r. Makiet\u0119 Mirmi\u0142owa, wykonan\u0105 z klock\u00f3w Lego, mo\u017cna b\u0119dzie podziwia\u0107 jedynie do 20 maja 2017 r. Wystawa \u201eKajko i Kokosz \u2013 komiksowa [&hellip;]<\/p>\n","protected":false},"author":3,"featured_media":2221,"comment_status":"open","ping_status":"open","sticky":false,"template":"","format":"standard","meta":{"_acf_changed":false,"_lmt_disableupdate":"","_lmt_disable":"","_monsterinsights_skip_tracking":false,"_monsterinsights_sitenote_active":false,"_monsterinsights_sitenote_note":"","_monsterinsights_sitenote_category":0,"ngg_post_thumbnail":0,"footnotes":""},"categories":[53],"tags":[],"class_list":["post-2198","post","type-post","status-publish","format-standard","has-post-thumbnail","hentry","category-wystawy-czasowe-archiwalne"],"acf":[],"modified_by":"Daniel Go\u0142a\u015b","_links":{"self":[{"href":"https:\/\/muzeum.ostroleka.pl\/index.php?rest_route=\/wp\/v2\/posts\/2198","targetHints":{"allow":["GET"]}}],"collection":[{"href":"https:\/\/muzeum.ostroleka.pl\/index.php?rest_route=\/wp\/v2\/posts"}],"about":[{"href":"https:\/\/muzeum.ostroleka.pl\/index.php?rest_route=\/wp\/v2\/types\/post"}],"author":[{"embeddable":true,"href":"https:\/\/muzeum.ostroleka.pl\/index.php?rest_route=\/wp\/v2\/users\/3"}],"replies":[{"embeddable":true,"href":"https:\/\/muzeum.ostroleka.pl\/index.php?rest_route=%2Fwp%2Fv2%2Fcomments&post=2198"}],"version-history":[{"count":1,"href":"https:\/\/muzeum.ostroleka.pl\/index.php?rest_route=\/wp\/v2\/posts\/2198\/revisions"}],"predecessor-version":[{"id":2222,"href":"https:\/\/muzeum.ostroleka.pl\/index.php?rest_route=\/wp\/v2\/posts\/2198\/revisions\/2222"}],"wp:featuredmedia":[{"embeddable":true,"href":"https:\/\/muzeum.ostroleka.pl\/index.php?rest_route=\/wp\/v2\/media\/2221"}],"wp:attachment":[{"href":"https:\/\/muzeum.ostroleka.pl\/index.php?rest_route=%2Fwp%2Fv2%2Fmedia&parent=2198"}],"wp:term":[{"taxonomy":"category","embeddable":true,"href":"https:\/\/muzeum.ostroleka.pl\/index.php?rest_route=%2Fwp%2Fv2%2Fcategories&post=2198"},{"taxonomy":"post_tag","embeddable":true,"href":"https:\/\/muzeum.ostroleka.pl\/index.php?rest_route=%2Fwp%2Fv2%2Ftags&post=2198"}],"curies":[{"name":"wp","href":"https:\/\/api.w.org\/{rel}","templated":true}]}}