{"id":2223,"date":"2016-12-05T10:05:02","date_gmt":"2016-12-05T09:05:02","guid":{"rendered":"https:\/\/muzeum.ostroleka.pl\/?p=2223"},"modified":"2019-12-03T10:34:22","modified_gmt":"2019-12-03T09:34:22","slug":"wystawa-zapomniany-general-wojska-polskiego-piotr-bontemps-1777-1840","status":"publish","type":"post","link":"https:\/\/muzeum.ostroleka.pl\/?p=2223","title":{"rendered":"Wystawa &#8222;Zapomniany genera\u0142 Wojska Polskiego Piotr Bontemps (1777-1840)"},"content":{"rendered":"<div class=\"leadArticle\">\n<p style=\"text-align: justify;\">Zapraszamy do zwiedzania naszej nowej wystawy czasowej pt. Zapomniany genera\u0142 Wojska Polskiego Piotr Bontemps (1777\u20131840), prezentowanej od 29 listopada 2016 r. w Pomniku Mauzoleum (Ostro\u0142\u0119ka, ul. Warszawska 2A). Ekspozycj\u0119 mo\u017cna zwiedza\u0107 do 29 stycznia 2017 r.<\/p>\n<\/div>\n<p style=\"text-align: justify;\">Wystawa ma na celu przypomnienie niezwyk\u0142ej postaci Piotra Bontemps. Ukazuje \u017co\u0142nierza w s\u0142u\u017cbie francuskiej, polskiej i rosyjskiej na tle burzliwych wydarze\u0144 prze\u0142omu XVIII i XIX w. Dzi\u0119ki zr\u00f3\u017cnicowanym metodom prezentacji (gabloty, plansze, wydruki wielkoformatowe, multimedia) przedstawione zostan\u0105 zabytki pozyskane podczas archeologicznych poszukiwa\u0144 grobu Piotra Bontemps na terenie nieistniej\u0105cego od 1935 r. ko\u015bcio\u0142a w Imielnicy (krzy\u017cyki, medaliki, fragmenty r\u00f3\u017ca\u0144c\u00f3w, monety, okucia trumien, szcz\u0105tki tkanin), militaria z pocz\u0105tk\u00f3w XIX w., liczne plansze przybli\u017caj\u0105ce losy genera\u0142a oraz jego zas\u0142ugi dla armii Ksi\u0119stwa Warszawskiego i Kr\u00f3lestwa Kongresowego.<\/p>\n<p style=\"text-align: justify;\">Ekspozycja zosta\u0142a udost\u0119pniona przez Muzeum Mazowieckiego w P\u0142ocku, kt\u00f3rego Dzia\u0142 Archeologii od roku 2011 realizuje program naukowo-badawczy i edukacyjny zatytu\u0142owany Zapomniany genera\u0142 Wojska Polskiego Piotr Bontemps (1777\u20131840).<\/p>\n<p style=\"text-align: justify;\">Wystawa zosta\u0142a zorganizowana ze zbior\u00f3w Muzeum Mazowieckiego w P\u0142ocku, Muzeum Wojska Polskiego w Warszawie, Pa\u0144stwowego Muzeum Archeologicznego w Warszawie oraz Stowarzyszenia Artylerii Dawnej \u201eArsena\u0142\u201d.<\/p>\n","protected":false},"excerpt":{"rendered":"<p>Zapraszamy do zwiedzania naszej nowej wystawy czasowej pt. Zapomniany genera\u0142 Wojska Polskiego Piotr Bontemps (1777\u20131840), prezentowanej od 29 listopada 2016 r. w Pomniku Mauzoleum (Ostro\u0142\u0119ka, ul. Warszawska 2A). Ekspozycj\u0119 mo\u017cna zwiedza\u0107 do 29 stycznia 2017 r. Wystawa ma na celu przypomnienie niezwyk\u0142ej postaci Piotra Bontemps. Ukazuje \u017co\u0142nierza w s\u0142u\u017cbie francuskiej, polskiej i rosyjskiej na tle [&hellip;]<\/p>\n","protected":false},"author":3,"featured_media":2224,"comment_status":"open","ping_status":"open","sticky":false,"template":"","format":"standard","meta":{"_acf_changed":false,"_lmt_disableupdate":"","_lmt_disable":"","_monsterinsights_skip_tracking":false,"_monsterinsights_sitenote_active":false,"_monsterinsights_sitenote_note":"","_monsterinsights_sitenote_category":0,"ngg_post_thumbnail":0,"footnotes":""},"categories":[53],"tags":[],"class_list":["post-2223","post","type-post","status-publish","format-standard","has-post-thumbnail","hentry","category-wystawy-czasowe-archiwalne"],"acf":[],"modified_by":"Daniel Go\u0142a\u015b","_links":{"self":[{"href":"https:\/\/muzeum.ostroleka.pl\/index.php?rest_route=\/wp\/v2\/posts\/2223","targetHints":{"allow":["GET"]}}],"collection":[{"href":"https:\/\/muzeum.ostroleka.pl\/index.php?rest_route=\/wp\/v2\/posts"}],"about":[{"href":"https:\/\/muzeum.ostroleka.pl\/index.php?rest_route=\/wp\/v2\/types\/post"}],"author":[{"embeddable":true,"href":"https:\/\/muzeum.ostroleka.pl\/index.php?rest_route=\/wp\/v2\/users\/3"}],"replies":[{"embeddable":true,"href":"https:\/\/muzeum.ostroleka.pl\/index.php?rest_route=%2Fwp%2Fv2%2Fcomments&post=2223"}],"version-history":[{"count":1,"href":"https:\/\/muzeum.ostroleka.pl\/index.php?rest_route=\/wp\/v2\/posts\/2223\/revisions"}],"predecessor-version":[{"id":2225,"href":"https:\/\/muzeum.ostroleka.pl\/index.php?rest_route=\/wp\/v2\/posts\/2223\/revisions\/2225"}],"wp:featuredmedia":[{"embeddable":true,"href":"https:\/\/muzeum.ostroleka.pl\/index.php?rest_route=\/wp\/v2\/media\/2224"}],"wp:attachment":[{"href":"https:\/\/muzeum.ostroleka.pl\/index.php?rest_route=%2Fwp%2Fv2%2Fmedia&parent=2223"}],"wp:term":[{"taxonomy":"category","embeddable":true,"href":"https:\/\/muzeum.ostroleka.pl\/index.php?rest_route=%2Fwp%2Fv2%2Fcategories&post=2223"},{"taxonomy":"post_tag","embeddable":true,"href":"https:\/\/muzeum.ostroleka.pl\/index.php?rest_route=%2Fwp%2Fv2%2Ftags&post=2223"}],"curies":[{"name":"wp","href":"https:\/\/api.w.org\/{rel}","templated":true}]}}