{"id":2260,"date":"2017-12-19T10:00:12","date_gmt":"2017-12-19T09:00:12","guid":{"rendered":"https:\/\/muzeum.ostroleka.pl\/?p=2260"},"modified":"2019-12-03T11:03:00","modified_gmt":"2019-12-03T10:03:00","slug":"wystawa-gory-o-jakzez-tu-milo-jak-milo","status":"publish","type":"post","link":"https:\/\/muzeum.ostroleka.pl\/?p=2260","title":{"rendered":"Wystawa \u201eG\u00f3ry \u2013 o jak\u017ce\u017c tu mi\u0142o! Jak mi\u0142o!\u201d"},"content":{"rendered":"<div class=\"leadArticle\">\n<p style=\"text-align: justify;\">Wystawa \u201eG\u00f3ry \u2013 o jak\u017ce\u017c tu mi\u0142o! Jak mi\u0142o!\u201d pocz\u0105tkowo towarzyszy\u0142a XX Przegl\u0105dowi Film\u00f3w Alpinistycznych im. Wandy Rutkiewicz. Na&nbsp;ekspozycji wykorzystano bogate zbiory poczt\u00f3wek, przedstawione w&nbsp;formie wydruk\u00f3w na planszach formatu B1. Wystaw\u0119 przygotowa\u0142a pani Barbara Mikocka&nbsp;z Muzeum Sportu i&nbsp;Turystyki w Warszawie.<\/p>\n<\/div>\n<p style=\"text-align: justify;\">Poczt\u00f3wka o tematyce g\u00f3rskiej jest dokumentem, dzi\u0119ki kt\u00f3remu mo\u017cemy prze\u015bledzi\u0107 dzieje alpinizmu od pierwszych wej\u015b\u0107 na europejskie szczyty po zdobywanie o\u015bmiotysi\u0119cznik\u00f3w w Himalajach i&nbsp;Hindukuszu, rozw\u00f3j r\u00f3\u017cnych dyscyplin narciarstwa, przemiany obyczajowe. Jest materia\u0142em \u017ar\u00f3d\u0142owym, kt\u00f3ry dostarcza nie tylko wiedzy, ale i rozrywki.<\/p>\n<p style=\"text-align: justify;\">Informacja o karcie pocztowej pochodzi z katalogu wystawy &#8222;G\u00f3ry &#8211; o jak\u017ce\u017c tu mi\u0142o! Jak mi\u0142o!&#8221;<\/p>\n<p style=\"text-align: justify;\">Wystawa przygotowana zosta\u0142a ze zbior\u00f3w Muzeum Sportu i Turystyki w Warszawie.<\/p>\n<p style=\"text-align: justify;\">Serdecznie zapraszamy do zwiedzania!<\/p>\n","protected":false},"excerpt":{"rendered":"<p>Wystawa \u201eG\u00f3ry \u2013 o jak\u017ce\u017c tu mi\u0142o! Jak mi\u0142o!\u201d pocz\u0105tkowo towarzyszy\u0142a XX Przegl\u0105dowi Film\u00f3w Alpinistycznych im. Wandy Rutkiewicz. Na&nbsp;ekspozycji wykorzystano bogate zbiory poczt\u00f3wek, przedstawione w&nbsp;formie wydruk\u00f3w na planszach formatu B1. Wystaw\u0119 przygotowa\u0142a pani Barbara Mikocka&nbsp;z Muzeum Sportu i&nbsp;Turystyki w Warszawie. Poczt\u00f3wka o tematyce g\u00f3rskiej jest dokumentem, dzi\u0119ki kt\u00f3remu mo\u017cemy prze\u015bledzi\u0107 dzieje alpinizmu od pierwszych wej\u015b\u0107 [&hellip;]<\/p>\n","protected":false},"author":3,"featured_media":2261,"comment_status":"open","ping_status":"open","sticky":false,"template":"","format":"standard","meta":{"_acf_changed":false,"_lmt_disableupdate":"","_lmt_disable":"","_monsterinsights_skip_tracking":false,"_monsterinsights_sitenote_active":false,"_monsterinsights_sitenote_note":"","_monsterinsights_sitenote_category":0,"ngg_post_thumbnail":0,"footnotes":""},"categories":[53],"tags":[],"class_list":["post-2260","post","type-post","status-publish","format-standard","has-post-thumbnail","hentry","category-wystawy-czasowe-archiwalne"],"acf":[],"modified_by":"Daniel Go\u0142a\u015b","_links":{"self":[{"href":"https:\/\/muzeum.ostroleka.pl\/index.php?rest_route=\/wp\/v2\/posts\/2260","targetHints":{"allow":["GET"]}}],"collection":[{"href":"https:\/\/muzeum.ostroleka.pl\/index.php?rest_route=\/wp\/v2\/posts"}],"about":[{"href":"https:\/\/muzeum.ostroleka.pl\/index.php?rest_route=\/wp\/v2\/types\/post"}],"author":[{"embeddable":true,"href":"https:\/\/muzeum.ostroleka.pl\/index.php?rest_route=\/wp\/v2\/users\/3"}],"replies":[{"embeddable":true,"href":"https:\/\/muzeum.ostroleka.pl\/index.php?rest_route=%2Fwp%2Fv2%2Fcomments&post=2260"}],"version-history":[{"count":1,"href":"https:\/\/muzeum.ostroleka.pl\/index.php?rest_route=\/wp\/v2\/posts\/2260\/revisions"}],"predecessor-version":[{"id":2262,"href":"https:\/\/muzeum.ostroleka.pl\/index.php?rest_route=\/wp\/v2\/posts\/2260\/revisions\/2262"}],"wp:featuredmedia":[{"embeddable":true,"href":"https:\/\/muzeum.ostroleka.pl\/index.php?rest_route=\/wp\/v2\/media\/2261"}],"wp:attachment":[{"href":"https:\/\/muzeum.ostroleka.pl\/index.php?rest_route=%2Fwp%2Fv2%2Fmedia&parent=2260"}],"wp:term":[{"taxonomy":"category","embeddable":true,"href":"https:\/\/muzeum.ostroleka.pl\/index.php?rest_route=%2Fwp%2Fv2%2Fcategories&post=2260"},{"taxonomy":"post_tag","embeddable":true,"href":"https:\/\/muzeum.ostroleka.pl\/index.php?rest_route=%2Fwp%2Fv2%2Ftags&post=2260"}],"curies":[{"name":"wp","href":"https:\/\/api.w.org\/{rel}","templated":true}]}}