{"id":2277,"date":"2019-12-06T13:48:17","date_gmt":"2019-12-06T12:48:17","guid":{"rendered":"https:\/\/muzeum.ostroleka.pl\/?p=2277"},"modified":"2020-02-26T11:28:40","modified_gmt":"2020-02-26T10:28:40","slug":"gala-wolontariatu-miejskiego-osrodka-pomocy-rodzinie-w-ostrolece","status":"publish","type":"post","link":"https:\/\/muzeum.ostroleka.pl\/?p=2277","title":{"rendered":"Gala Wolontariatu Miejskiego O\u015brodka Pomocy rodzinie w Ostro\u0142\u0119ce"},"content":{"rendered":"<p style=\"text-align: justify;\">W dniu 5 grudnia 2019 r. w Muzeum Kultury Kurpiowskiej odby\u0142a si\u0119 Gala Wolontariatu Miejskiego O\u015brodka Pomocy rodzinie w Ostro\u0142\u0119ce. Podczas spotkania wyr\u00f3\u017cniono i nagrodzono najbardziej zaanga\u017cowanych wolontariuszy wsp\u00f3\u0142pracuj\u0105cych z ostro\u0142\u0119ck\u0105 plac\u00f3wk\u0105, kt\u00f3rzy przez ca\u0142y rok, nieustannie nios\u0105 pomoc osobom niepe\u0142nosprawnym, starszym a nawet uczniom potrzebuj\u0105cym wsparcia w nauce. Wyr\u00f3\u017cnienie otrzyma\u0142y te\u017c dwie instytucje: Bursa Regionalna w Ostro\u0142\u0119ce oraz Stowarzyszenie MONAR, kt\u00f3re przez ca\u0142y rok wsp\u00f3\u0142pracuj\u0105 z MOPR w ramach programu \u201ePom\u00f3\u017c innym zostaj\u0105c wolontariuszem\u201d. Wyr\u00f3\u017cnionym gratulowali: wiceprezydent Maciej Kleczkowski, wiceprzewodnicz\u0105cy Rady Miasta Stanis\u0142aw Szatanek i dyrektor MOPR El\u017cbieta Mierzejewska-Nicewicz. Organizatorzy podzi\u0119kowali przedstawicielom Muzeum za pomoc w przygotowaniu uroczysto\u015bci.<\/p>\nngg_shortcode_0_placeholder\n","protected":false},"excerpt":{"rendered":"<p>W dniu 5 grudnia 2019 r. w Muzeum Kultury Kurpiowskiej odby\u0142a si\u0119 Gala Wolontariatu Miejskiego O\u015brodka Pomocy rodzinie w Ostro\u0142\u0119ce. Podczas spotkania wyr\u00f3\u017cniono i nagrodzono najbardziej zaanga\u017cowanych wolontariuszy wsp\u00f3\u0142pracuj\u0105cych z ostro\u0142\u0119ck\u0105 plac\u00f3wk\u0105, kt\u00f3rzy przez ca\u0142y rok, nieustannie nios\u0105 pomoc osobom niepe\u0142nosprawnym, starszym a nawet uczniom potrzebuj\u0105cym wsparcia w nauce. Wyr\u00f3\u017cnienie otrzyma\u0142y te\u017c dwie instytucje: Bursa [&hellip;]<\/p>\n","protected":false},"author":3,"featured_media":2893,"comment_status":"closed","ping_status":"closed","sticky":false,"template":"","format":"standard","meta":{"_acf_changed":false,"_lmt_disableupdate":"","_lmt_disable":"","_monsterinsights_skip_tracking":false,"_monsterinsights_sitenote_active":false,"_monsterinsights_sitenote_note":"","_monsterinsights_sitenote_category":0,"ngg_post_thumbnail":0,"footnotes":""},"categories":[3],"tags":[],"class_list":["post-2277","post","type-post","status-publish","format-standard","has-post-thumbnail","hentry","category-aktualnosci"],"acf":[],"modified_by":"Daniel Go\u0142a\u015b","_links":{"self":[{"href":"https:\/\/muzeum.ostroleka.pl\/index.php?rest_route=\/wp\/v2\/posts\/2277","targetHints":{"allow":["GET"]}}],"collection":[{"href":"https:\/\/muzeum.ostroleka.pl\/index.php?rest_route=\/wp\/v2\/posts"}],"about":[{"href":"https:\/\/muzeum.ostroleka.pl\/index.php?rest_route=\/wp\/v2\/types\/post"}],"author":[{"embeddable":true,"href":"https:\/\/muzeum.ostroleka.pl\/index.php?rest_route=\/wp\/v2\/users\/3"}],"replies":[{"embeddable":true,"href":"https:\/\/muzeum.ostroleka.pl\/index.php?rest_route=%2Fwp%2Fv2%2Fcomments&post=2277"}],"version-history":[{"count":3,"href":"https:\/\/muzeum.ostroleka.pl\/index.php?rest_route=\/wp\/v2\/posts\/2277\/revisions"}],"predecessor-version":[{"id":2894,"href":"https:\/\/muzeum.ostroleka.pl\/index.php?rest_route=\/wp\/v2\/posts\/2277\/revisions\/2894"}],"wp:featuredmedia":[{"embeddable":true,"href":"https:\/\/muzeum.ostroleka.pl\/index.php?rest_route=\/wp\/v2\/media\/2893"}],"wp:attachment":[{"href":"https:\/\/muzeum.ostroleka.pl\/index.php?rest_route=%2Fwp%2Fv2%2Fmedia&parent=2277"}],"wp:term":[{"taxonomy":"category","embeddable":true,"href":"https:\/\/muzeum.ostroleka.pl\/index.php?rest_route=%2Fwp%2Fv2%2Fcategories&post=2277"},{"taxonomy":"post_tag","embeddable":true,"href":"https:\/\/muzeum.ostroleka.pl\/index.php?rest_route=%2Fwp%2Fv2%2Ftags&post=2277"}],"curies":[{"name":"wp","href":"https:\/\/api.w.org\/{rel}","templated":true}]}}