{"id":2536,"date":"2019-09-04T09:05:33","date_gmt":"2019-09-04T08:05:33","guid":{"rendered":"https:\/\/muzeum.ostroleka.pl\/?p=2536"},"modified":"2020-04-10T10:00:42","modified_gmt":"2020-04-10T09:00:42","slug":"spotkanie-z-kamilla-pijanowska","status":"publish","type":"post","link":"https:\/\/muzeum.ostroleka.pl\/?p=2536","title":{"rendered":"Spotkanie z Kamill\u0105 Pijanowsk\u0105"},"content":{"rendered":"<div class=\"leadArticle\">\n<p>Zapraszamy serdecznie na spotkanie z p. Kamill\u0105 Pijanowsk\u0105, kustoszem Gabinetu Rycin i Rysunk\u00f3w Muzeum Narodowego w&nbsp;Warszawie, kt\u00f3re odb\u0119dzie si\u0119 4 wrze\u015bnia 2019 r. Nasz go\u015b\u0107 opowie o&nbsp;zainteresowaniach i pasji kolekcjonerskiej Wiktora Gomulickiego. Pocz\u0105tek wydarzenia godz. 18.00 (budynek muzeum, plac gen. J. Bema 8).<\/p>\n<\/div>\n<p><!--more--><\/p>\n<p>Pasja kolekcjonerska Wiktora Gomulickiego jest faktem powszechnie znanym. Ju\u017c od dzieci\u0144stwa zachwyca\u0142 si\u0119 pi\u0119knymi litografiami i&nbsp;zacz\u0105\u0142 gromadzi\u0107 ksi\u0105\u017cki. M\u0142ody Wiktor kolekcjonowa\u0142 motyle i&nbsp;minera\u0142y, p\u00f3\u017aniej &#8211; numizmaty, ekslibrisy, rzemios\u0142o artystyczne, obrazy. W \u017cyciu doros\u0142ym interesowa\u0142 si\u0119 r\u00f3wnie\u017c starodrukami, rycinami, r\u0119kopisami, a tak\u017ce fotografiami. W jego zbiorach mo\u017cna by\u0142o znale\u017a\u0107 dokumenty, autografy i druki ulotne. Pod koniec \u017cycia zaciekawi\u0142y go tak\u017ce pol<span class=\"text_exposed_show\">skie znaczki pocztowe. Przez ca\u0142e \u017cycie by\u0142 zapami\u0119ta\u0142ym bibliofilem. Na swoich ksi\u0105\u017ckach, archiwaliach i&nbsp;rycinach Gomulicki umieszcza\u0142 zazwyczaj odcisk piecz\u0119tny \u201eZbi\u00f3r Wiktora Gomulickiego\u201d, dzi\u0119ki czemu dzisiaj jeste\u015bmy w stanie prze\u015bledzi\u0107 histori\u0119 niekt\u00f3rych zachowanych gomulicjan\u00f3w.<\/span><\/p>\n<p>Wa\u017cnym tematem zbior\u00f3w Gomulickiego by\u0142a Warszawa i jej pami\u0105tki. Przewa\u017cnie materia\u0142y te s\u0142u\u017cy\u0142y arty\u015bcie jako baza i \u017ar\u00f3d\u0142o historyczne do jego tw\u00f3rczo\u015bci literackiej, poetyckiej i publicystycznej po\u015bwi\u0119conej stolicy.<\/p>\n<p>Interesuj\u0105ca jest historia kolekcji varsavian\u00f3w Wiktora Gomulickiego, kt\u00f3ra ju\u017c za jego \u017cycia uleg\u0142a rozproszeniu. W trakcie swojego \u017cycia artysta wielokrotnie sprzedawa\u0142 b\u0105d\u017a wymienia\u0142 z innymi kolekcjonerami poszczeg\u00f3lne obiekty. Zdecydowan\u0105 wi\u0119kszo\u015b\u0107 swoich varsavian\u00f3w Wiktor Gomulicki sprzeda\u0142 w 1908 roku Towarzystwu Opieki nad Zabytkami. Od razu potem zacz\u0105\u0142 gromadzi\u0107 nast\u0119pn\u0105 kolekcj\u0119. Wi\u0119kszo\u015b\u0107 ksi\u0119gozbioru artysty, po jego \u015bmierci, trafi\u0142a do r\u0105k s\u0142ynnego warszawskiego bibliofila Jana Michalskiego. R\u0119kopisy historyczne z kolekcji pisarza naby\u0142a w latach 1917-1919 Biblioteka Ossoli\u0144skich i tam te\u017c znajduj\u0105 si\u0119 do dzisiaj.<\/p>\n<p>Dzi\u0119ki temu, \u017ce w chwili wybuchu II wojny \u015bwiatowej cz\u0119\u015b\u0107 gomulicjan\u00f3w sprzedanych przez artyst\u0119 Towarzystwu Opieki nad Zabytkami, znajdowa\u0142a si\u0119 w gmachu Muzeum Narodowego w Warszawie przy Alejach Jerozolimskich uda\u0142o si\u0119 je zachowa\u0107 i znajduj\u0105 si\u0119 obecnie w zbiorach tej\u017ce plac\u00f3wki. Niestety reszta dorobku kolekcjonerskiego pisarza, z&nbsp;nielicznymi wyj\u0105tkami, sp\u0142on\u0119\u0142a w trakcie okupacji i powstania warszawskiego b\u0105d\u017a z&nbsp;powodu braku znak\u00f3w w\u0142asno\u015bciowych nie mo\u017cna dzisiaj z ca\u0142\u0105 pewno\u015bci\u0105 ustali\u0107 ich proweniencji.<\/p>\n<p>Fotografia wykonana przez \u017con\u0119 pisarza by\u0142a zamieszczona w 1913 roku w tygodniku \u201e\u015awiat\u201d. Jej du\u017ca reprodukcja przez dziesi\u0105tki lat zdobi\u0142a mieszkanie syna artysty Juliusza Wiktora Gomulickiego. W 2009 roku zosta\u0142a przekazana przez rodzin\u0119 Gomulickich do zbior\u00f3w Muzeum Kultury Kurpiowskiej.<\/p>\nngg_shortcode_0_placeholder\n","protected":false},"excerpt":{"rendered":"<p>Zapraszamy serdecznie na spotkanie z p. Kamill\u0105 Pijanowsk\u0105, kustoszem Gabinetu Rycin i Rysunk\u00f3w Muzeum Narodowego w&nbsp;Warszawie, kt\u00f3re odb\u0119dzie si\u0119 4 wrze\u015bnia 2019 r. Nasz go\u015b\u0107 opowie o&nbsp;zainteresowaniach i pasji kolekcjonerskiej Wiktora Gomulickiego. Pocz\u0105tek wydarzenia godz. 18.00 (budynek muzeum, plac gen. J. Bema 8).<\/p>\n","protected":false},"author":3,"featured_media":2540,"comment_status":"closed","ping_status":"closed","sticky":false,"template":"","format":"standard","meta":{"_acf_changed":false,"_lmt_disableupdate":"","_lmt_disable":"","_monsterinsights_skip_tracking":false,"_monsterinsights_sitenote_active":false,"_monsterinsights_sitenote_note":"","_monsterinsights_sitenote_category":0,"ngg_post_thumbnail":0,"footnotes":""},"categories":[3],"tags":[],"class_list":["post-2536","post","type-post","status-publish","format-standard","has-post-thumbnail","hentry","category-aktualnosci"],"acf":[],"modified_by":"Daniel Go\u0142a\u015b","_links":{"self":[{"href":"https:\/\/muzeum.ostroleka.pl\/index.php?rest_route=\/wp\/v2\/posts\/2536","targetHints":{"allow":["GET"]}}],"collection":[{"href":"https:\/\/muzeum.ostroleka.pl\/index.php?rest_route=\/wp\/v2\/posts"}],"about":[{"href":"https:\/\/muzeum.ostroleka.pl\/index.php?rest_route=\/wp\/v2\/types\/post"}],"author":[{"embeddable":true,"href":"https:\/\/muzeum.ostroleka.pl\/index.php?rest_route=\/wp\/v2\/users\/3"}],"replies":[{"embeddable":true,"href":"https:\/\/muzeum.ostroleka.pl\/index.php?rest_route=%2Fwp%2Fv2%2Fcomments&post=2536"}],"version-history":[{"count":2,"href":"https:\/\/muzeum.ostroleka.pl\/index.php?rest_route=\/wp\/v2\/posts\/2536\/revisions"}],"predecessor-version":[{"id":3303,"href":"https:\/\/muzeum.ostroleka.pl\/index.php?rest_route=\/wp\/v2\/posts\/2536\/revisions\/3303"}],"wp:featuredmedia":[{"embeddable":true,"href":"https:\/\/muzeum.ostroleka.pl\/index.php?rest_route=\/wp\/v2\/media\/2540"}],"wp:attachment":[{"href":"https:\/\/muzeum.ostroleka.pl\/index.php?rest_route=%2Fwp%2Fv2%2Fmedia&parent=2536"}],"wp:term":[{"taxonomy":"category","embeddable":true,"href":"https:\/\/muzeum.ostroleka.pl\/index.php?rest_route=%2Fwp%2Fv2%2Fcategories&post=2536"},{"taxonomy":"post_tag","embeddable":true,"href":"https:\/\/muzeum.ostroleka.pl\/index.php?rest_route=%2Fwp%2Fv2%2Ftags&post=2536"}],"curies":[{"name":"wp","href":"https:\/\/api.w.org\/{rel}","templated":true}]}}