{"id":2693,"date":"2019-06-12T08:44:03","date_gmt":"2019-06-12T07:44:03","guid":{"rendered":"https:\/\/muzeum.ostroleka.pl\/?p=2693"},"modified":"2020-04-10T09:28:23","modified_gmt":"2020-04-10T08:28:23","slug":"wystawa-bartnictwo-ze-zbiorow-prof-krzysztofa-heyke","status":"publish","type":"post","link":"https:\/\/muzeum.ostroleka.pl\/?p=2693","title":{"rendered":"Wystawa &#8222;Bartnictwo&#8221; ze zbior\u00f3w prof. Krzysztofa Heyke"},"content":{"rendered":"<div class=\"leadArticle\">\n<p>Dyrektor Muzeum Kultury Kurpiowskiej w Ostro\u0142\u0119ce zaprasza na otwarcie wystawy &#8222;Bartnictwo&#8221; ze zbior\u00f3w prof. Krzysztofa Heyke, kt\u00f3re odb\u0119dzie si\u0119 12&nbsp;czerwca 2019 r. o godz. 14.00 w Muzeum Kultury Kurpiowskiej w Ostro\u0142\u0119ce (pl.&nbsp;gen. J. Bema 8).<\/p>\n<\/div>\n<p><!--more--><\/p>\n<p>Wystawa&nbsp;<em>Bartnictwo<\/em>&nbsp;jest autorskim zapisem podr\u00f3\u017cy, kt\u00f3ra rozpocz\u0119\u0142a si\u0119 w 2003 roku na bia\u0142oruskim Polesiu i \u2026 nadal trwa. Tworz\u0105 j\u0105 unikatowe fotografie, maj\u0105ce form\u0119 wydruk\u00f3w o du\u017cym formacie, wykonane przez Krzysztofa Heyke w ci\u0105gu wieloletnich bada\u0144 tematu, autentyczne narz\u0119dzia bartnicze oraz multimedialne ekrany przedstawiaj\u0105ce \u017cycie pszcz\u00f3\u0142 w \u015brodku k\u0142ody. Pos\u0142uguj\u0105c si\u0119 bezingerencyjn\u0105 technik\u0105 z&nbsp;u\u017cyciem kamer endoskopowych i termowizyjnych autorowi uda\u0142o si\u0119 pokaza\u0107 pszczeli mikrokosmos.<\/p>\n<p>Zdj\u0119cia przedstawiaj\u0105ce bartnik\u00f3w przy pracy oraz przydomowe pasieki ilustruj\u0105 tak\u017ce u\u017cycie narz\u0119dzi zwi\u0105zanych z tradycyjnym pszczelarstwem i bartnictwem. Cz\u0119\u015b\u0107 z tych narz\u0119dzi, zebranych przez autora wystawy podczas wypraw znalaz\u0142a si\u0119 tak\u017ce na wystawie.<\/p>\n<p><em>Dociekliwo\u015b\u0107 zaprowadzi\u0142a reportera do ostatnich bartnik\u00f3w \u017cyj\u0105cych na Polesiu, kt\u00f3rzy swe umiej\u0119tno\u015bci przej\u0119li od przodk\u00f3w. Izolacja i zachowawczo\u015b\u0107 lokalnych kultur spowodowa\u0142y, \u017ce na Litwie, Bia\u0142orusi i Ukrainie swoj\u0105 dzia\u0142alno\u015b\u0107 kontynuuje kilkuset bartnik\u00f3w i pszczelarzy. Z kilkunastoma z nich spotka\u0142 si\u0119 autor wystawy.&nbsp;<\/em>W Polsce, jeszcze w czasach nowo\u017cytnych s\u0142yn\u0105cej jako bartnicza pot\u0119ga, Krzysztof Heyke natrafi\u0142 jedynie na cztery rodziny, kt\u00f3re kontynuuj\u0105 tradycje bartniczo \u2013pszczelarskie. Kres rodzimemu rzemios\u0142u przynios\u0142y carskie ukazy i zastosowanie nowoczesnych uli sk\u0142adanych z desek.<\/p>\n<p>Obecnie w Ministerstwie Kultury i Dziedzictwa Narodowego trwaj\u0105 prace maj\u0105ce na celu wpisanie bartnictwa na Reprezentatywn\u0105 List\u0119 Niematerialnego Dziedzictwa Kulturowego Ludzko\u015bci.<\/p>\n<p>Krzysztof Heyke &#8211; profesor zwyczajny dr habilitowany sztuk filmowych; fotograf, operator, podr\u00f3\u017cnik, wydawca. Urodzi\u0142 si\u0119 w 1962 r. w Warszawie. Uko\u0144czy\u0142 Liceum Sztuk Plastycznych w Na\u0142\u0119czowie, nast\u0119pnie Instytut Fotografii Artystycznej w&nbsp;Pradze (dyplom 1990) oraz Wydzia\u0142 Operatorski PWSFTviT w \u0141odzi (dyplom 1991). Na&nbsp;zaproszenie Wojciecha J. Hasa, od roku 1992 prowadzi zaj\u0119cia z fotografii na Wydziale Operatorskim i&nbsp;Wydziale Re\u017cyserii macierzystej PWSFTviT.<\/p>\n<p>Swoje prace prezentowa\u0142 na ponad 160 wystawach indywidualnych w kraju i za granic\u0105. Jest autorem fotografii do kilkunastu album\u00f3w. S\u0105 to m.in.:&nbsp;<em>Polska romantyczna<\/em>&nbsp;(siedmiokrotnie nagradzany w konkursach na najpi\u0119kniejsz\u0105 ksi\u0105\u017ck\u0119);&nbsp;<em>Tam, gdzie lwowskie \u015bpi\u0105 orl\u0119ta; Polska. Duch Ziemi; Cmentarz \u0141yczakowski; Cmentarz na Rossie: od \u015bwitu do zmierzchu; Katedra lwowska obrz\u0105dku \u0142aci\u0144skiego; \u015awi\u0105tynie Kres\u00f3w; Ludzie Kres\u00f3w; Kresy. Zapomniana ojczyzna; R\u0119kopis znaleziony w Pary\u017cu, Katedra Grodzie\u0144ska; Ostatni bartnicy Europy, kt\u00f3rych spotka\u0142em<\/em>.<\/p>\n<p>Autor rozdzia\u0142u po\u015bwi\u0119conego Polsce, kt\u00f3ry jest cz\u0119\u015bci\u0105 presti\u017cowej publikacji Ludy \u015bwiata.<\/p>\n<p>Wsp\u00f3\u0142pracowa\u0142 z magazynem \u201eNational Geographic\u201d, jest tak\u017ce wsp\u00f3\u0142autorem serii wydawniczych magazynu \u201eNational Geographic\u201d \u2013&nbsp;<em>Mi\u0119dzy piek\u0142em a niebem, \u015awiat na talerzu, Na ko\u0144cu \u015bwiata.<\/em><\/p>\n<p>Uczestnik i dokumentalista wypraw wysokog\u00f3rskich m.in. w Himalaje, na Alask\u0119, Syberi\u0119, Kaukaz, Kilimand\u017caro, Aconcagua. Od kilkunastu lat podr\u00f3\u017cuje po dawnych Kresach Rzeczypospolitej Polskiej oraz Syberii, rejestruj\u0105c aparatem \u017cycie i \u015blady aktywno\u015bci Polak\u00f3w, a tak\u017ce ich potomk\u00f3w.<\/p>\n<p>Jego fotografie znajduj\u0105 si\u0119 w zbiorach muze\u00f3w i kolekcjach prywatnych.<\/p>\nngg_shortcode_0_placeholder\n","protected":false},"excerpt":{"rendered":"<p>Dyrektor Muzeum Kultury Kurpiowskiej w Ostro\u0142\u0119ce zaprasza na otwarcie wystawy &#8222;Bartnictwo&#8221; ze zbior\u00f3w prof. Krzysztofa Heyke, kt\u00f3re odb\u0119dzie si\u0119 12&nbsp;czerwca 2019 r. o godz. 14.00 w Muzeum Kultury Kurpiowskiej w Ostro\u0142\u0119ce (pl.&nbsp;gen. J. Bema 8).<\/p>\n","protected":false},"author":3,"featured_media":2699,"comment_status":"closed","ping_status":"closed","sticky":false,"template":"","format":"standard","meta":{"_acf_changed":false,"_lmt_disableupdate":"","_lmt_disable":"","_monsterinsights_skip_tracking":false,"_monsterinsights_sitenote_active":false,"_monsterinsights_sitenote_note":"","_monsterinsights_sitenote_category":0,"ngg_post_thumbnail":0,"footnotes":""},"categories":[3],"tags":[],"class_list":["post-2693","post","type-post","status-publish","format-standard","has-post-thumbnail","hentry","category-aktualnosci"],"acf":[],"modified_by":"Daniel Go\u0142a\u015b","_links":{"self":[{"href":"https:\/\/muzeum.ostroleka.pl\/index.php?rest_route=\/wp\/v2\/posts\/2693","targetHints":{"allow":["GET"]}}],"collection":[{"href":"https:\/\/muzeum.ostroleka.pl\/index.php?rest_route=\/wp\/v2\/posts"}],"about":[{"href":"https:\/\/muzeum.ostroleka.pl\/index.php?rest_route=\/wp\/v2\/types\/post"}],"author":[{"embeddable":true,"href":"https:\/\/muzeum.ostroleka.pl\/index.php?rest_route=\/wp\/v2\/users\/3"}],"replies":[{"embeddable":true,"href":"https:\/\/muzeum.ostroleka.pl\/index.php?rest_route=%2Fwp%2Fv2%2Fcomments&post=2693"}],"version-history":[{"count":2,"href":"https:\/\/muzeum.ostroleka.pl\/index.php?rest_route=\/wp\/v2\/posts\/2693\/revisions"}],"predecessor-version":[{"id":3290,"href":"https:\/\/muzeum.ostroleka.pl\/index.php?rest_route=\/wp\/v2\/posts\/2693\/revisions\/3290"}],"wp:featuredmedia":[{"embeddable":true,"href":"https:\/\/muzeum.ostroleka.pl\/index.php?rest_route=\/wp\/v2\/media\/2699"}],"wp:attachment":[{"href":"https:\/\/muzeum.ostroleka.pl\/index.php?rest_route=%2Fwp%2Fv2%2Fmedia&parent=2693"}],"wp:term":[{"taxonomy":"category","embeddable":true,"href":"https:\/\/muzeum.ostroleka.pl\/index.php?rest_route=%2Fwp%2Fv2%2Fcategories&post=2693"},{"taxonomy":"post_tag","embeddable":true,"href":"https:\/\/muzeum.ostroleka.pl\/index.php?rest_route=%2Fwp%2Fv2%2Ftags&post=2693"}],"curies":[{"name":"wp","href":"https:\/\/api.w.org\/{rel}","templated":true}]}}